{"id":1822,"date":"2026-04-17T08:59:33","date_gmt":"2026-04-17T06:59:33","guid":{"rendered":"https:\/\/imagesexpressions.fr\/?p=1822"},"modified":"2026-04-29T09:00:09","modified_gmt":"2026-04-29T07:00:09","slug":"festival-de-la-photo-de-mouans-sartoux-2026","status":"publish","type":"post","link":"https:\/\/imagesexpressions.fr\/index.php\/2026\/04\/17\/festival-de-la-photo-de-mouans-sartoux-2026\/","title":{"rendered":"Festival de la photo de Mouans Sartoux 2026"},"content":{"rendered":"\n<p>Le club Images et expressions participe au festival en exposant une s\u00e9rie de portraits de rue en Noir et blanc.<\/p>\n\n\n<div class=\"wp-block-image\">\n<figure class=\"aligncenter size-large is-resized\"><a href=\"https:\/\/www.facebook.com\/photo.mouans\"><img loading=\"lazy\" decoding=\"async\" width=\"960\" height=\"1200\" data-orig-file=\"https:\/\/imagesexpressions.fr\/wp-content\/uploads\/2026\/04\/Affiche_mouans.jpg\" data-attachment-url=\"https:\/\/imagesexpressions.fr\/index.php\/2026\/04\/17\/festival-de-la-photo-de-mouans-sartoux-2026\/affiche_mouans\/\" data-aspectratio=\"0.8\" data-caption=\"\" data-image-title=\"Affiche_mouans\" data-image-description=\"\" srcset=\"https:\/\/imagesexpressions.fr\/wp-content\/uploads\/2026\/04\/Affiche_mouans-480x600.jpg 480w, https:\/\/imagesexpressions.fr\/wp-content\/uploads\/2026\/04\/Affiche_mouans-960x1200.jpg 960w, https:\/\/imagesexpressions.fr\/wp-content\/uploads\/2026\/04\/Affiche_mouans-768x960.jpg 768w, https:\/\/imagesexpressions.fr\/wp-content\/uploads\/2026\/04\/Affiche_mouans-1229x1536.jpg 1229w, https:\/\/imagesexpressions.fr\/wp-content\/uploads\/2026\/04\/Affiche_mouans-120x150.jpg 120w, https:\/\/imagesexpressions.fr\/wp-content\/uploads\/2026\/04\/Affiche_mouans.jpg 1350w\" src=\"https:\/\/imagesexpressions.fr\/wp-content\/uploads\/2026\/04\/Affiche_mouans-960x1200.jpg\" alt=\"\" class=\"wp-image-1823\" style=\"width:529px;height:auto\"\/><\/a><\/figure>\n\n<script type=\"application\/ld+json\">[\n    {\n        \"@context\": \"https:\/\/schema.org\/\",\n        \"@type\": \"ImageObject\",\n        \"contentUrl\": \"https:\/\/imagesexpressions.fr\/wp-content\/uploads\/2026\/04\/Affiche_mouans.jpg\",\n        \"license\": \"\",\n        \"acquireLicensePage\": \"\"\n    }\n]<\/script><\/div>","protected":false},"excerpt":{"rendered":"<p>Le club Images et expressions participe au festival en exposant une s\u00e9rie de portraits de rue en Noir et blanc.<\/p>\n<p class=\"continue-reading-button\"> <a class=\"continue-reading-link\" href=\"https:\/\/imagesexpressions.fr\/index.php\/2026\/04\/17\/festival-de-la-photo-de-mouans-sartoux-2026\/\">Lire la suite<i class=\"crycon-right-dir\"><\/i><\/a><\/p>\n","protected":false},"author":1,"featured_media":0,"comment_status":"closed","ping_status":"closed","sticky":false,"template":"","format":"standard","meta":{"footnotes":""},"categories":[27,6],"tags":[],"class_list":["post-1822","post","type-post","status-publish","format-standard","hentry","category-evenements","category-expositions"],"yoast_head":"<!-- This site is optimized with the Yoast SEO plugin v26.9 - https:\/\/yoast.com\/product\/yoast-seo-wordpress\/ -->\n<title>Festival de la photo de Mouans Sartoux 2026 - IMAGES ET EXPRESSIONS<\/title>\n<meta name=\"robots\" content=\"index, follow, max-snippet:-1, max-image-preview:large, max-video-preview:-1\" \/>\n<link rel=\"canonical\" href=\"https:\/\/imagesexpressions.fr\/index.php\/2026\/04\/17\/festival-de-la-photo-de-mouans-sartoux-2026\/\" \/>\n<meta property=\"og:locale\" content=\"fr_FR\" \/>\n<meta property=\"og:type\" content=\"article\" \/>\n<meta property=\"og:title\" content=\"Festival de la photo de Mouans Sartoux 2026 - IMAGES ET EXPRESSIONS\" \/>\n<meta property=\"og:description\" content=\"Le club Images et expressions participe au festival en exposant une s\u00e9rie de portraits de rue en Noir et blanc. Lire la suite\" \/>\n<meta property=\"og:url\" content=\"https:\/\/imagesexpressions.fr\/index.php\/2026\/04\/17\/festival-de-la-photo-de-mouans-sartoux-2026\/\" \/>\n<meta property=\"og:site_name\" content=\"IMAGES ET EXPRESSIONS\" \/>\n<meta property=\"article:publisher\" content=\"https:\/\/www.facebook.com\/groups\/2342617975975546\" \/>\n<meta property=\"article:published_time\" content=\"2026-04-17T06:59:33+00:00\" \/>\n<meta property=\"article:modified_time\" content=\"2026-04-29T07:00:09+00:00\" \/>\n<meta property=\"og:image\" content=\"https:\/\/imagesexpressions.fr\/wp-content\/uploads\/2026\/04\/Affiche_mouans.jpg\" \/>\n\t<meta property=\"og:image:width\" content=\"1350\" \/>\n\t<meta property=\"og:image:height\" content=\"1687\" \/>\n\t<meta property=\"og:image:type\" content=\"image\/jpeg\" \/>\n<meta name=\"author\" content=\"admin8688\" \/>\n<meta name=\"twitter:card\" content=\"summary_large_image\" \/>\n<meta name=\"twitter:label1\" content=\"\u00c9crit par\" \/>\n\t<meta name=\"twitter:data1\" content=\"admin8688\" \/>\n\t<meta name=\"twitter:label2\" content=\"Dur\u00e9e de lecture estim\u00e9e\" \/>\n\t<meta name=\"twitter:data2\" content=\"1 minute\" \/>\n<script type=\"application\/ld+json\" class=\"yoast-schema-graph\">{\"@context\":\"https:\/\/schema.org\",\"@graph\":[{\"@type\":\"Article\",\"@id\":\"https:\/\/imagesexpressions.fr\/index.php\/2026\/04\/17\/festival-de-la-photo-de-mouans-sartoux-2026\/#article\",\"isPartOf\":{\"@id\":\"https:\/\/imagesexpressions.fr\/index.php\/2026\/04\/17\/festival-de-la-photo-de-mouans-sartoux-2026\/\"},\"author\":{\"name\":\"admin8688\",\"@id\":\"https:\/\/imagesexpressions.fr\/#\/schema\/person\/5e0e32ae5733df1f8feea7ee0163021a\"},\"headline\":\"Festival de la photo de Mouans Sartoux 2026\",\"datePublished\":\"2026-04-17T06:59:33+00:00\",\"dateModified\":\"2026-04-29T07:00:09+00:00\",\"mainEntityOfPage\":{\"@id\":\"https:\/\/imagesexpressions.fr\/index.php\/2026\/04\/17\/festival-de-la-photo-de-mouans-sartoux-2026\/\"},\"wordCount\":28,\"publisher\":{\"@id\":\"https:\/\/imagesexpressions.fr\/#organization\"},\"image\":{\"@id\":\"https:\/\/imagesexpressions.fr\/index.php\/2026\/04\/17\/festival-de-la-photo-de-mouans-sartoux-2026\/#primaryimage\"},\"thumbnailUrl\":\"https:\/\/imagesexpressions.fr\/wp-content\/uploads\/2026\/04\/Affiche_mouans-960x1200.jpg\",\"articleSection\":[\"Ev\u00e9nements\",\"Expositions\"],\"inLanguage\":\"fr-FR\"},{\"@type\":\"WebPage\",\"@id\":\"https:\/\/imagesexpressions.fr\/index.php\/2026\/04\/17\/festival-de-la-photo-de-mouans-sartoux-2026\/\",\"url\":\"https:\/\/imagesexpressions.fr\/index.php\/2026\/04\/17\/festival-de-la-photo-de-mouans-sartoux-2026\/\",\"name\":\"Festival de la photo de Mouans Sartoux 2026 - IMAGES ET EXPRESSIONS\",\"isPartOf\":{\"@id\":\"https:\/\/imagesexpressions.fr\/#website\"},\"primaryImageOfPage\":{\"@id\":\"https:\/\/imagesexpressions.fr\/index.php\/2026\/04\/17\/festival-de-la-photo-de-mouans-sartoux-2026\/#primaryimage\"},\"image\":{\"@id\":\"https:\/\/imagesexpressions.fr\/index.php\/2026\/04\/17\/festival-de-la-photo-de-mouans-sartoux-2026\/#primaryimage\"},\"thumbnailUrl\":\"https:\/\/imagesexpressions.fr\/wp-content\/uploads\/2026\/04\/Affiche_mouans-960x1200.jpg\",\"datePublished\":\"2026-04-17T06:59:33+00:00\",\"dateModified\":\"2026-04-29T07:00:09+00:00\",\"breadcrumb\":{\"@id\":\"https:\/\/imagesexpressions.fr\/index.php\/2026\/04\/17\/festival-de-la-photo-de-mouans-sartoux-2026\/#breadcrumb\"},\"inLanguage\":\"fr-FR\",\"potentialAction\":[{\"@type\":\"ReadAction\",\"target\":[\"https:\/\/imagesexpressions.fr\/index.php\/2026\/04\/17\/festival-de-la-photo-de-mouans-sartoux-2026\/\"]}]},{\"@type\":\"ImageObject\",\"inLanguage\":\"fr-FR\",\"@id\":\"https:\/\/imagesexpressions.fr\/index.php\/2026\/04\/17\/festival-de-la-photo-de-mouans-sartoux-2026\/#primaryimage\",\"url\":\"https:\/\/imagesexpressions.fr\/wp-content\/uploads\/2026\/04\/Affiche_mouans.jpg\",\"contentUrl\":\"https:\/\/imagesexpressions.fr\/wp-content\/uploads\/2026\/04\/Affiche_mouans.jpg\",\"width\":1350,\"height\":1687},{\"@type\":\"BreadcrumbList\",\"@id\":\"https:\/\/imagesexpressions.fr\/index.php\/2026\/04\/17\/festival-de-la-photo-de-mouans-sartoux-2026\/#breadcrumb\",\"itemListElement\":[{\"@type\":\"ListItem\",\"position\":1,\"name\":\"Accueil\",\"item\":\"https:\/\/imagesexpressions.fr\/\"},{\"@type\":\"ListItem\",\"position\":2,\"name\":\"Festival de la photo de Mouans Sartoux 2026\"}]},{\"@type\":\"WebSite\",\"@id\":\"https:\/\/imagesexpressions.fr\/#website\",\"url\":\"https:\/\/imagesexpressions.fr\/\",\"name\":\"IMAGES ET EXPRESSIONS\",\"description\":\"Club photo \u00e0 Cagnes sur mer\",\"publisher\":{\"@id\":\"https:\/\/imagesexpressions.fr\/#organization\"},\"potentialAction\":[{\"@type\":\"SearchAction\",\"target\":{\"@type\":\"EntryPoint\",\"urlTemplate\":\"https:\/\/imagesexpressions.fr\/?s={search_term_string}\"},\"query-input\":{\"@type\":\"PropertyValueSpecification\",\"valueRequired\":true,\"valueName\":\"search_term_string\"}}],\"inLanguage\":\"fr-FR\"},{\"@type\":\"Organization\",\"@id\":\"https:\/\/imagesexpressions.fr\/#organization\",\"name\":\"IMAGES ET EXPRESSIONS\",\"url\":\"https:\/\/imagesexpressions.fr\/\",\"logo\":{\"@type\":\"ImageObject\",\"inLanguage\":\"fr-FR\",\"@id\":\"https:\/\/imagesexpressions.fr\/#\/schema\/logo\/image\/\",\"url\":\"https:\/\/imagesexpressions.fr\/wp-content\/uploads\/2025\/04\/logo_IE.webp\",\"contentUrl\":\"https:\/\/imagesexpressions.fr\/wp-content\/uploads\/2025\/04\/logo_IE.webp\",\"width\":189,\"height\":153,\"caption\":\"IMAGES ET EXPRESSIONS\"},\"image\":{\"@id\":\"https:\/\/imagesexpressions.fr\/#\/schema\/logo\/image\/\"},\"sameAs\":[\"https:\/\/www.facebook.com\/groups\/2342617975975546\"]},{\"@type\":\"Person\",\"@id\":\"https:\/\/imagesexpressions.fr\/#\/schema\/person\/5e0e32ae5733df1f8feea7ee0163021a\",\"name\":\"admin8688\",\"image\":{\"@type\":\"ImageObject\",\"inLanguage\":\"fr-FR\",\"@id\":\"https:\/\/imagesexpressions.fr\/#\/schema\/person\/image\/\",\"url\":\"https:\/\/imagesexpressions.fr\/wp-content\/uploads\/2025\/04\/JoelGourmelen06-61-10-07-46joel@gourmelen.fr_-e1744822035191-150x150.jpg\",\"contentUrl\":\"https:\/\/imagesexpressions.fr\/wp-content\/uploads\/2025\/04\/JoelGourmelen06-61-10-07-46joel@gourmelen.fr_-e1744822035191-150x150.jpg\",\"caption\":\"admin8688\"},\"sameAs\":[\"http:\/\/imagesexpressions.fr\"],\"url\":\"https:\/\/imagesexpressions.fr\/index.php\/author\/admin8688\/\"}]}<\/script>\n<!-- \/ Yoast SEO plugin. -->","yoast_head_json":{"title":"Festival de la photo de Mouans Sartoux 2026 - IMAGES ET EXPRESSIONS","robots":{"index":"index","follow":"follow","max-snippet":"max-snippet:-1","max-image-preview":"max-image-preview:large","max-video-preview":"max-video-preview:-1"},"canonical":"https:\/\/imagesexpressions.fr\/index.php\/2026\/04\/17\/festival-de-la-photo-de-mouans-sartoux-2026\/","og_locale":"fr_FR","og_type":"article","og_title":"Festival de la photo de Mouans Sartoux 2026 - IMAGES ET EXPRESSIONS","og_description":"Le club Images et expressions participe au festival en exposant une s\u00e9rie de portraits de rue en Noir et blanc. Lire la suite","og_url":"https:\/\/imagesexpressions.fr\/index.php\/2026\/04\/17\/festival-de-la-photo-de-mouans-sartoux-2026\/","og_site_name":"IMAGES ET EXPRESSIONS","article_publisher":"https:\/\/www.facebook.com\/groups\/2342617975975546","article_published_time":"2026-04-17T06:59:33+00:00","article_modified_time":"2026-04-29T07:00:09+00:00","og_image":[{"width":1350,"height":1687,"url":"https:\/\/imagesexpressions.fr\/wp-content\/uploads\/2026\/04\/Affiche_mouans.jpg","type":"image\/jpeg"}],"author":"admin8688","twitter_card":"summary_large_image","twitter_misc":{"\u00c9crit par":"admin8688","Dur\u00e9e de lecture estim\u00e9e":"1 minute"},"schema":{"@context":"https:\/\/schema.org","@graph":[{"@type":"Article","@id":"https:\/\/imagesexpressions.fr\/index.php\/2026\/04\/17\/festival-de-la-photo-de-mouans-sartoux-2026\/#article","isPartOf":{"@id":"https:\/\/imagesexpressions.fr\/index.php\/2026\/04\/17\/festival-de-la-photo-de-mouans-sartoux-2026\/"},"author":{"name":"admin8688","@id":"https:\/\/imagesexpressions.fr\/#\/schema\/person\/5e0e32ae5733df1f8feea7ee0163021a"},"headline":"Festival de la photo de Mouans Sartoux 2026","datePublished":"2026-04-17T06:59:33+00:00","dateModified":"2026-04-29T07:00:09+00:00","mainEntityOfPage":{"@id":"https:\/\/imagesexpressions.fr\/index.php\/2026\/04\/17\/festival-de-la-photo-de-mouans-sartoux-2026\/"},"wordCount":28,"publisher":{"@id":"https:\/\/imagesexpressions.fr\/#organization"},"image":{"@id":"https:\/\/imagesexpressions.fr\/index.php\/2026\/04\/17\/festival-de-la-photo-de-mouans-sartoux-2026\/#primaryimage"},"thumbnailUrl":"https:\/\/imagesexpressions.fr\/wp-content\/uploads\/2026\/04\/Affiche_mouans-960x1200.jpg","articleSection":["Ev\u00e9nements","Expositions"],"inLanguage":"fr-FR"},{"@type":"WebPage","@id":"https:\/\/imagesexpressions.fr\/index.php\/2026\/04\/17\/festival-de-la-photo-de-mouans-sartoux-2026\/","url":"https:\/\/imagesexpressions.fr\/index.php\/2026\/04\/17\/festival-de-la-photo-de-mouans-sartoux-2026\/","name":"Festival de la photo de Mouans Sartoux 2026 - IMAGES ET EXPRESSIONS","isPartOf":{"@id":"https:\/\/imagesexpressions.fr\/#website"},"primaryImageOfPage":{"@id":"https:\/\/imagesexpressions.fr\/index.php\/2026\/04\/17\/festival-de-la-photo-de-mouans-sartoux-2026\/#primaryimage"},"image":{"@id":"https:\/\/imagesexpressions.fr\/index.php\/2026\/04\/17\/festival-de-la-photo-de-mouans-sartoux-2026\/#primaryimage"},"thumbnailUrl":"https:\/\/imagesexpressions.fr\/wp-content\/uploads\/2026\/04\/Affiche_mouans-960x1200.jpg","datePublished":"2026-04-17T06:59:33+00:00","dateModified":"2026-04-29T07:00:09+00:00","breadcrumb":{"@id":"https:\/\/imagesexpressions.fr\/index.php\/2026\/04\/17\/festival-de-la-photo-de-mouans-sartoux-2026\/#breadcrumb"},"inLanguage":"fr-FR","potentialAction":[{"@type":"ReadAction","target":["https:\/\/imagesexpressions.fr\/index.php\/2026\/04\/17\/festival-de-la-photo-de-mouans-sartoux-2026\/"]}]},{"@type":"ImageObject","inLanguage":"fr-FR","@id":"https:\/\/imagesexpressions.fr\/index.php\/2026\/04\/17\/festival-de-la-photo-de-mouans-sartoux-2026\/#primaryimage","url":"https:\/\/imagesexpressions.fr\/wp-content\/uploads\/2026\/04\/Affiche_mouans.jpg","contentUrl":"https:\/\/imagesexpressions.fr\/wp-content\/uploads\/2026\/04\/Affiche_mouans.jpg","width":1350,"height":1687},{"@type":"BreadcrumbList","@id":"https:\/\/imagesexpressions.fr\/index.php\/2026\/04\/17\/festival-de-la-photo-de-mouans-sartoux-2026\/#breadcrumb","itemListElement":[{"@type":"ListItem","position":1,"name":"Accueil","item":"https:\/\/imagesexpressions.fr\/"},{"@type":"ListItem","position":2,"name":"Festival de la photo de Mouans Sartoux 2026"}]},{"@type":"WebSite","@id":"https:\/\/imagesexpressions.fr\/#website","url":"https:\/\/imagesexpressions.fr\/","name":"IMAGES ET EXPRESSIONS","description":"Club photo \u00e0 Cagnes sur mer","publisher":{"@id":"https:\/\/imagesexpressions.fr\/#organization"},"potentialAction":[{"@type":"SearchAction","target":{"@type":"EntryPoint","urlTemplate":"https:\/\/imagesexpressions.fr\/?s={search_term_string}"},"query-input":{"@type":"PropertyValueSpecification","valueRequired":true,"valueName":"search_term_string"}}],"inLanguage":"fr-FR"},{"@type":"Organization","@id":"https:\/\/imagesexpressions.fr\/#organization","name":"IMAGES ET EXPRESSIONS","url":"https:\/\/imagesexpressions.fr\/","logo":{"@type":"ImageObject","inLanguage":"fr-FR","@id":"https:\/\/imagesexpressions.fr\/#\/schema\/logo\/image\/","url":"https:\/\/imagesexpressions.fr\/wp-content\/uploads\/2025\/04\/logo_IE.webp","contentUrl":"https:\/\/imagesexpressions.fr\/wp-content\/uploads\/2025\/04\/logo_IE.webp","width":189,"height":153,"caption":"IMAGES ET EXPRESSIONS"},"image":{"@id":"https:\/\/imagesexpressions.fr\/#\/schema\/logo\/image\/"},"sameAs":["https:\/\/www.facebook.com\/groups\/2342617975975546"]},{"@type":"Person","@id":"https:\/\/imagesexpressions.fr\/#\/schema\/person\/5e0e32ae5733df1f8feea7ee0163021a","name":"admin8688","image":{"@type":"ImageObject","inLanguage":"fr-FR","@id":"https:\/\/imagesexpressions.fr\/#\/schema\/person\/image\/","url":"https:\/\/imagesexpressions.fr\/wp-content\/uploads\/2025\/04\/JoelGourmelen06-61-10-07-46joel@gourmelen.fr_-e1744822035191-150x150.jpg","contentUrl":"https:\/\/imagesexpressions.fr\/wp-content\/uploads\/2025\/04\/JoelGourmelen06-61-10-07-46joel@gourmelen.fr_-e1744822035191-150x150.jpg","caption":"admin8688"},"sameAs":["http:\/\/imagesexpressions.fr"],"url":"https:\/\/imagesexpressions.fr\/index.php\/author\/admin8688\/"}]}},"_links":{"self":[{"href":"https:\/\/imagesexpressions.fr\/index.php\/wp-json\/wp\/v2\/posts\/1822","targetHints":{"allow":["GET"]}}],"collection":[{"href":"https:\/\/imagesexpressions.fr\/index.php\/wp-json\/wp\/v2\/posts"}],"about":[{"href":"https:\/\/imagesexpressions.fr\/index.php\/wp-json\/wp\/v2\/types\/post"}],"author":[{"embeddable":true,"href":"https:\/\/imagesexpressions.fr\/index.php\/wp-json\/wp\/v2\/users\/1"}],"replies":[{"embeddable":true,"href":"https:\/\/imagesexpressions.fr\/index.php\/wp-json\/wp\/v2\/comments?post=1822"}],"version-history":[{"count":1,"href":"https:\/\/imagesexpressions.fr\/index.php\/wp-json\/wp\/v2\/posts\/1822\/revisions"}],"predecessor-version":[{"id":1824,"href":"https:\/\/imagesexpressions.fr\/index.php\/wp-json\/wp\/v2\/posts\/1822\/revisions\/1824"}],"wp:attachment":[{"href":"https:\/\/imagesexpressions.fr\/index.php\/wp-json\/wp\/v2\/media?parent=1822"}],"wp:term":[{"taxonomy":"category","embeddable":true,"href":"https:\/\/imagesexpressions.fr\/index.php\/wp-json\/wp\/v2\/categories?post=1822"},{"taxonomy":"post_tag","embeddable":true,"href":"https:\/\/imagesexpressions.fr\/index.php\/wp-json\/wp\/v2\/tags?post=1822"}],"curies":[{"name":"wp","href":"https:\/\/api.w.org\/{rel}","templated":true}]}}