{"id":1814,"date":"2026-04-29T08:38:22","date_gmt":"2026-04-29T06:38:22","guid":{"rendered":"https:\/\/imagesexpressions.fr\/?p=1814"},"modified":"2026-04-29T08:39:43","modified_gmt":"2026-04-29T06:39:43","slug":"exposition-a-la-mairie-du-cros-de-cagnes","status":"publish","type":"post","link":"https:\/\/imagesexpressions.fr\/index.php\/2026\/04\/29\/exposition-a-la-mairie-du-cros-de-cagnes\/","title":{"rendered":"Exposition \u00e0 la Mairie du Cros de Cagnes"},"content":{"rendered":"\n<p>La nature en Vol  du 13 au 27 Mai 2026.    Vernissage le 15 Mai \u00e0 18H<\/p>\n\n\n\n<div class=\"wp-block-cover aligncenter\"><img loading=\"lazy\" decoding=\"async\" width=\"845\" height=\"1200\" class=\"wp-block-cover__image-background wp-image-1815\" alt=\"\" src=\"https:\/\/imagesexpressions.fr\/wp-content\/uploads\/2026\/04\/2026_04-Affiche-nature-en-vol-845x1200.jpg\" data-object-fit=\"cover\" srcset=\"https:\/\/imagesexpressions.fr\/wp-content\/uploads\/2026\/04\/2026_04-Affiche-nature-en-vol-845x1200.jpg 845w, https:\/\/imagesexpressions.fr\/wp-content\/uploads\/2026\/04\/2026_04-Affiche-nature-en-vol-422x600.jpg 422w, https:\/\/imagesexpressions.fr\/wp-content\/uploads\/2026\/04\/2026_04-Affiche-nature-en-vol-768x1091.jpg 768w, https:\/\/imagesexpressions.fr\/wp-content\/uploads\/2026\/04\/2026_04-Affiche-nature-en-vol-106x150.jpg 106w, https:\/\/imagesexpressions.fr\/wp-content\/uploads\/2026\/04\/2026_04-Affiche-nature-en-vol.jpg 894w\" sizes=\"auto, (max-width: 845px) 100vw, 845px\" \/><span aria-hidden=\"true\" class=\"wp-block-cover__background has-background-dim\"><\/span><div class=\"wp-block-cover__inner-container is-layout-flow wp-block-cover-is-layout-flow\">\n<p><\/p>\n\n\n\n<p><\/p>\n\n\n\n<p><\/p>\n\n\n\n<p><\/p>\n\n\n\n<p><\/p>\n\n\n\n<p><\/p>\n\n\n\n<p><\/p>\n\n\n\n<p class=\"has-text-align-left has-large-font-size\">du 13 au 27 mai 2026<\/p>\n<\/div><\/div>\n\n\n\n<p><\/p>\n\n\n\n<p><\/p>\n","protected":false},"excerpt":{"rendered":"<p>La nature en Vol du 13 au 27 Mai 2026. Vernissage le 15 Mai \u00e0 18H<\/p>\n<p class=\"continue-reading-button\"> <a class=\"continue-reading-link\" href=\"https:\/\/imagesexpressions.fr\/index.php\/2026\/04\/29\/exposition-a-la-mairie-du-cros-de-cagnes\/\">Lire la suite<i class=\"crycon-right-dir\"><\/i><\/a><\/p>\n","protected":false},"author":1,"featured_media":0,"comment_status":"closed","ping_status":"closed","sticky":false,"template":"","format":"standard","meta":{"footnotes":""},"categories":[27,6],"tags":[],"class_list":["post-1814","post","type-post","status-publish","format-standard","hentry","category-evenements","category-expositions"],"yoast_head":"<!-- This site is optimized with the Yoast SEO plugin v26.9 - https:\/\/yoast.com\/product\/yoast-seo-wordpress\/ -->\n<title>Exposition \u00e0 la Mairie du Cros de Cagnes - IMAGES ET EXPRESSIONS<\/title>\n<meta name=\"robots\" content=\"index, follow, max-snippet:-1, max-image-preview:large, max-video-preview:-1\" \/>\n<link rel=\"canonical\" href=\"https:\/\/imagesexpressions.fr\/index.php\/2026\/04\/29\/exposition-a-la-mairie-du-cros-de-cagnes\/\" \/>\n<meta property=\"og:locale\" content=\"fr_FR\" \/>\n<meta property=\"og:type\" content=\"article\" \/>\n<meta property=\"og:title\" content=\"Exposition \u00e0 la Mairie du Cros de Cagnes - IMAGES ET EXPRESSIONS\" \/>\n<meta property=\"og:description\" content=\"La nature en Vol du 13 au 27 Mai 2026. Vernissage le 15 Mai \u00e0 18H Lire la suite\" \/>\n<meta property=\"og:url\" content=\"https:\/\/imagesexpressions.fr\/index.php\/2026\/04\/29\/exposition-a-la-mairie-du-cros-de-cagnes\/\" \/>\n<meta property=\"og:site_name\" content=\"IMAGES ET EXPRESSIONS\" \/>\n<meta property=\"article:publisher\" content=\"https:\/\/www.facebook.com\/groups\/2342617975975546\" \/>\n<meta property=\"article:published_time\" content=\"2026-04-29T06:38:22+00:00\" \/>\n<meta property=\"article:modified_time\" content=\"2026-04-29T06:39:43+00:00\" \/>\n<meta property=\"og:image\" content=\"https:\/\/imagesexpressions.fr\/wp-content\/uploads\/2026\/04\/2026_04-Affiche-nature-en-vol.jpg\" \/>\n\t<meta property=\"og:image:width\" content=\"894\" \/>\n\t<meta property=\"og:image:height\" content=\"1270\" \/>\n\t<meta property=\"og:image:type\" content=\"image\/jpeg\" \/>\n<meta name=\"author\" content=\"admin8688\" \/>\n<meta name=\"twitter:card\" content=\"summary_large_image\" \/>\n<meta name=\"twitter:label1\" content=\"\u00c9crit par\" \/>\n\t<meta name=\"twitter:data1\" content=\"admin8688\" \/>\n\t<meta name=\"twitter:label2\" content=\"Dur\u00e9e de lecture estim\u00e9e\" \/>\n\t<meta name=\"twitter:data2\" content=\"1 minute\" \/>\n<script type=\"application\/ld+json\" class=\"yoast-schema-graph\">{\"@context\":\"https:\/\/schema.org\",\"@graph\":[{\"@type\":\"Article\",\"@id\":\"https:\/\/imagesexpressions.fr\/index.php\/2026\/04\/29\/exposition-a-la-mairie-du-cros-de-cagnes\/#article\",\"isPartOf\":{\"@id\":\"https:\/\/imagesexpressions.fr\/index.php\/2026\/04\/29\/exposition-a-la-mairie-du-cros-de-cagnes\/\"},\"author\":{\"name\":\"admin8688\",\"@id\":\"https:\/\/imagesexpressions.fr\/#\/schema\/person\/5e0e32ae5733df1f8feea7ee0163021a\"},\"headline\":\"Exposition \u00e0 la Mairie du Cros de Cagnes\",\"datePublished\":\"2026-04-29T06:38:22+00:00\",\"dateModified\":\"2026-04-29T06:39:43+00:00\",\"mainEntityOfPage\":{\"@id\":\"https:\/\/imagesexpressions.fr\/index.php\/2026\/04\/29\/exposition-a-la-mairie-du-cros-de-cagnes\/\"},\"wordCount\":21,\"publisher\":{\"@id\":\"https:\/\/imagesexpressions.fr\/#organization\"},\"image\":{\"@id\":\"https:\/\/imagesexpressions.fr\/index.php\/2026\/04\/29\/exposition-a-la-mairie-du-cros-de-cagnes\/#primaryimage\"},\"thumbnailUrl\":\"https:\/\/imagesexpressions.fr\/wp-content\/uploads\/2026\/04\/2026_04-Affiche-nature-en-vol-845x1200.jpg\",\"articleSection\":[\"Ev\u00e9nements\",\"Expositions\"],\"inLanguage\":\"fr-FR\"},{\"@type\":\"WebPage\",\"@id\":\"https:\/\/imagesexpressions.fr\/index.php\/2026\/04\/29\/exposition-a-la-mairie-du-cros-de-cagnes\/\",\"url\":\"https:\/\/imagesexpressions.fr\/index.php\/2026\/04\/29\/exposition-a-la-mairie-du-cros-de-cagnes\/\",\"name\":\"Exposition \u00e0 la Mairie du Cros de Cagnes - IMAGES ET EXPRESSIONS\",\"isPartOf\":{\"@id\":\"https:\/\/imagesexpressions.fr\/#website\"},\"primaryImageOfPage\":{\"@id\":\"https:\/\/imagesexpressions.fr\/index.php\/2026\/04\/29\/exposition-a-la-mairie-du-cros-de-cagnes\/#primaryimage\"},\"image\":{\"@id\":\"https:\/\/imagesexpressions.fr\/index.php\/2026\/04\/29\/exposition-a-la-mairie-du-cros-de-cagnes\/#primaryimage\"},\"thumbnailUrl\":\"https:\/\/imagesexpressions.fr\/wp-content\/uploads\/2026\/04\/2026_04-Affiche-nature-en-vol-845x1200.jpg\",\"datePublished\":\"2026-04-29T06:38:22+00:00\",\"dateModified\":\"2026-04-29T06:39:43+00:00\",\"breadcrumb\":{\"@id\":\"https:\/\/imagesexpressions.fr\/index.php\/2026\/04\/29\/exposition-a-la-mairie-du-cros-de-cagnes\/#breadcrumb\"},\"inLanguage\":\"fr-FR\",\"potentialAction\":[{\"@type\":\"ReadAction\",\"target\":[\"https:\/\/imagesexpressions.fr\/index.php\/2026\/04\/29\/exposition-a-la-mairie-du-cros-de-cagnes\/\"]}]},{\"@type\":\"ImageObject\",\"inLanguage\":\"fr-FR\",\"@id\":\"https:\/\/imagesexpressions.fr\/index.php\/2026\/04\/29\/exposition-a-la-mairie-du-cros-de-cagnes\/#primaryimage\",\"url\":\"https:\/\/imagesexpressions.fr\/wp-content\/uploads\/2026\/04\/2026_04-Affiche-nature-en-vol.jpg\",\"contentUrl\":\"https:\/\/imagesexpressions.fr\/wp-content\/uploads\/2026\/04\/2026_04-Affiche-nature-en-vol.jpg\",\"width\":894,\"height\":1270},{\"@type\":\"BreadcrumbList\",\"@id\":\"https:\/\/imagesexpressions.fr\/index.php\/2026\/04\/29\/exposition-a-la-mairie-du-cros-de-cagnes\/#breadcrumb\",\"itemListElement\":[{\"@type\":\"ListItem\",\"position\":1,\"name\":\"Accueil\",\"item\":\"https:\/\/imagesexpressions.fr\/\"},{\"@type\":\"ListItem\",\"position\":2,\"name\":\"Exposition \u00e0 la Mairie du Cros de Cagnes\"}]},{\"@type\":\"WebSite\",\"@id\":\"https:\/\/imagesexpressions.fr\/#website\",\"url\":\"https:\/\/imagesexpressions.fr\/\",\"name\":\"IMAGES ET EXPRESSIONS\",\"description\":\"Club photo \u00e0 Cagnes sur mer\",\"publisher\":{\"@id\":\"https:\/\/imagesexpressions.fr\/#organization\"},\"potentialAction\":[{\"@type\":\"SearchAction\",\"target\":{\"@type\":\"EntryPoint\",\"urlTemplate\":\"https:\/\/imagesexpressions.fr\/?s={search_term_string}\"},\"query-input\":{\"@type\":\"PropertyValueSpecification\",\"valueRequired\":true,\"valueName\":\"search_term_string\"}}],\"inLanguage\":\"fr-FR\"},{\"@type\":\"Organization\",\"@id\":\"https:\/\/imagesexpressions.fr\/#organization\",\"name\":\"IMAGES ET EXPRESSIONS\",\"url\":\"https:\/\/imagesexpressions.fr\/\",\"logo\":{\"@type\":\"ImageObject\",\"inLanguage\":\"fr-FR\",\"@id\":\"https:\/\/imagesexpressions.fr\/#\/schema\/logo\/image\/\",\"url\":\"https:\/\/imagesexpressions.fr\/wp-content\/uploads\/2025\/04\/logo_IE.webp\",\"contentUrl\":\"https:\/\/imagesexpressions.fr\/wp-content\/uploads\/2025\/04\/logo_IE.webp\",\"width\":189,\"height\":153,\"caption\":\"IMAGES ET EXPRESSIONS\"},\"image\":{\"@id\":\"https:\/\/imagesexpressions.fr\/#\/schema\/logo\/image\/\"},\"sameAs\":[\"https:\/\/www.facebook.com\/groups\/2342617975975546\"]},{\"@type\":\"Person\",\"@id\":\"https:\/\/imagesexpressions.fr\/#\/schema\/person\/5e0e32ae5733df1f8feea7ee0163021a\",\"name\":\"admin8688\",\"image\":{\"@type\":\"ImageObject\",\"inLanguage\":\"fr-FR\",\"@id\":\"https:\/\/imagesexpressions.fr\/#\/schema\/person\/image\/\",\"url\":\"https:\/\/imagesexpressions.fr\/wp-content\/uploads\/2025\/04\/JoelGourmelen06-61-10-07-46joel@gourmelen.fr_-e1744822035191-150x150.jpg\",\"contentUrl\":\"https:\/\/imagesexpressions.fr\/wp-content\/uploads\/2025\/04\/JoelGourmelen06-61-10-07-46joel@gourmelen.fr_-e1744822035191-150x150.jpg\",\"caption\":\"admin8688\"},\"sameAs\":[\"http:\/\/imagesexpressions.fr\"],\"url\":\"https:\/\/imagesexpressions.fr\/index.php\/author\/admin8688\/\"}]}<\/script>\n<!-- \/ Yoast SEO plugin. -->","yoast_head_json":{"title":"Exposition \u00e0 la Mairie du Cros de Cagnes - IMAGES ET EXPRESSIONS","robots":{"index":"index","follow":"follow","max-snippet":"max-snippet:-1","max-image-preview":"max-image-preview:large","max-video-preview":"max-video-preview:-1"},"canonical":"https:\/\/imagesexpressions.fr\/index.php\/2026\/04\/29\/exposition-a-la-mairie-du-cros-de-cagnes\/","og_locale":"fr_FR","og_type":"article","og_title":"Exposition \u00e0 la Mairie du Cros de Cagnes - IMAGES ET EXPRESSIONS","og_description":"La nature en Vol du 13 au 27 Mai 2026. Vernissage le 15 Mai \u00e0 18H Lire la suite","og_url":"https:\/\/imagesexpressions.fr\/index.php\/2026\/04\/29\/exposition-a-la-mairie-du-cros-de-cagnes\/","og_site_name":"IMAGES ET EXPRESSIONS","article_publisher":"https:\/\/www.facebook.com\/groups\/2342617975975546","article_published_time":"2026-04-29T06:38:22+00:00","article_modified_time":"2026-04-29T06:39:43+00:00","og_image":[{"width":894,"height":1270,"url":"https:\/\/imagesexpressions.fr\/wp-content\/uploads\/2026\/04\/2026_04-Affiche-nature-en-vol.jpg","type":"image\/jpeg"}],"author":"admin8688","twitter_card":"summary_large_image","twitter_misc":{"\u00c9crit par":"admin8688","Dur\u00e9e de lecture estim\u00e9e":"1 minute"},"schema":{"@context":"https:\/\/schema.org","@graph":[{"@type":"Article","@id":"https:\/\/imagesexpressions.fr\/index.php\/2026\/04\/29\/exposition-a-la-mairie-du-cros-de-cagnes\/#article","isPartOf":{"@id":"https:\/\/imagesexpressions.fr\/index.php\/2026\/04\/29\/exposition-a-la-mairie-du-cros-de-cagnes\/"},"author":{"name":"admin8688","@id":"https:\/\/imagesexpressions.fr\/#\/schema\/person\/5e0e32ae5733df1f8feea7ee0163021a"},"headline":"Exposition \u00e0 la Mairie du Cros de Cagnes","datePublished":"2026-04-29T06:38:22+00:00","dateModified":"2026-04-29T06:39:43+00:00","mainEntityOfPage":{"@id":"https:\/\/imagesexpressions.fr\/index.php\/2026\/04\/29\/exposition-a-la-mairie-du-cros-de-cagnes\/"},"wordCount":21,"publisher":{"@id":"https:\/\/imagesexpressions.fr\/#organization"},"image":{"@id":"https:\/\/imagesexpressions.fr\/index.php\/2026\/04\/29\/exposition-a-la-mairie-du-cros-de-cagnes\/#primaryimage"},"thumbnailUrl":"https:\/\/imagesexpressions.fr\/wp-content\/uploads\/2026\/04\/2026_04-Affiche-nature-en-vol-845x1200.jpg","articleSection":["Ev\u00e9nements","Expositions"],"inLanguage":"fr-FR"},{"@type":"WebPage","@id":"https:\/\/imagesexpressions.fr\/index.php\/2026\/04\/29\/exposition-a-la-mairie-du-cros-de-cagnes\/","url":"https:\/\/imagesexpressions.fr\/index.php\/2026\/04\/29\/exposition-a-la-mairie-du-cros-de-cagnes\/","name":"Exposition \u00e0 la Mairie du Cros de Cagnes - IMAGES ET EXPRESSIONS","isPartOf":{"@id":"https:\/\/imagesexpressions.fr\/#website"},"primaryImageOfPage":{"@id":"https:\/\/imagesexpressions.fr\/index.php\/2026\/04\/29\/exposition-a-la-mairie-du-cros-de-cagnes\/#primaryimage"},"image":{"@id":"https:\/\/imagesexpressions.fr\/index.php\/2026\/04\/29\/exposition-a-la-mairie-du-cros-de-cagnes\/#primaryimage"},"thumbnailUrl":"https:\/\/imagesexpressions.fr\/wp-content\/uploads\/2026\/04\/2026_04-Affiche-nature-en-vol-845x1200.jpg","datePublished":"2026-04-29T06:38:22+00:00","dateModified":"2026-04-29T06:39:43+00:00","breadcrumb":{"@id":"https:\/\/imagesexpressions.fr\/index.php\/2026\/04\/29\/exposition-a-la-mairie-du-cros-de-cagnes\/#breadcrumb"},"inLanguage":"fr-FR","potentialAction":[{"@type":"ReadAction","target":["https:\/\/imagesexpressions.fr\/index.php\/2026\/04\/29\/exposition-a-la-mairie-du-cros-de-cagnes\/"]}]},{"@type":"ImageObject","inLanguage":"fr-FR","@id":"https:\/\/imagesexpressions.fr\/index.php\/2026\/04\/29\/exposition-a-la-mairie-du-cros-de-cagnes\/#primaryimage","url":"https:\/\/imagesexpressions.fr\/wp-content\/uploads\/2026\/04\/2026_04-Affiche-nature-en-vol.jpg","contentUrl":"https:\/\/imagesexpressions.fr\/wp-content\/uploads\/2026\/04\/2026_04-Affiche-nature-en-vol.jpg","width":894,"height":1270},{"@type":"BreadcrumbList","@id":"https:\/\/imagesexpressions.fr\/index.php\/2026\/04\/29\/exposition-a-la-mairie-du-cros-de-cagnes\/#breadcrumb","itemListElement":[{"@type":"ListItem","position":1,"name":"Accueil","item":"https:\/\/imagesexpressions.fr\/"},{"@type":"ListItem","position":2,"name":"Exposition \u00e0 la Mairie du Cros de Cagnes"}]},{"@type":"WebSite","@id":"https:\/\/imagesexpressions.fr\/#website","url":"https:\/\/imagesexpressions.fr\/","name":"IMAGES ET EXPRESSIONS","description":"Club photo \u00e0 Cagnes sur mer","publisher":{"@id":"https:\/\/imagesexpressions.fr\/#organization"},"potentialAction":[{"@type":"SearchAction","target":{"@type":"EntryPoint","urlTemplate":"https:\/\/imagesexpressions.fr\/?s={search_term_string}"},"query-input":{"@type":"PropertyValueSpecification","valueRequired":true,"valueName":"search_term_string"}}],"inLanguage":"fr-FR"},{"@type":"Organization","@id":"https:\/\/imagesexpressions.fr\/#organization","name":"IMAGES ET EXPRESSIONS","url":"https:\/\/imagesexpressions.fr\/","logo":{"@type":"ImageObject","inLanguage":"fr-FR","@id":"https:\/\/imagesexpressions.fr\/#\/schema\/logo\/image\/","url":"https:\/\/imagesexpressions.fr\/wp-content\/uploads\/2025\/04\/logo_IE.webp","contentUrl":"https:\/\/imagesexpressions.fr\/wp-content\/uploads\/2025\/04\/logo_IE.webp","width":189,"height":153,"caption":"IMAGES ET EXPRESSIONS"},"image":{"@id":"https:\/\/imagesexpressions.fr\/#\/schema\/logo\/image\/"},"sameAs":["https:\/\/www.facebook.com\/groups\/2342617975975546"]},{"@type":"Person","@id":"https:\/\/imagesexpressions.fr\/#\/schema\/person\/5e0e32ae5733df1f8feea7ee0163021a","name":"admin8688","image":{"@type":"ImageObject","inLanguage":"fr-FR","@id":"https:\/\/imagesexpressions.fr\/#\/schema\/person\/image\/","url":"https:\/\/imagesexpressions.fr\/wp-content\/uploads\/2025\/04\/JoelGourmelen06-61-10-07-46joel@gourmelen.fr_-e1744822035191-150x150.jpg","contentUrl":"https:\/\/imagesexpressions.fr\/wp-content\/uploads\/2025\/04\/JoelGourmelen06-61-10-07-46joel@gourmelen.fr_-e1744822035191-150x150.jpg","caption":"admin8688"},"sameAs":["http:\/\/imagesexpressions.fr"],"url":"https:\/\/imagesexpressions.fr\/index.php\/author\/admin8688\/"}]}},"_links":{"self":[{"href":"https:\/\/imagesexpressions.fr\/index.php\/wp-json\/wp\/v2\/posts\/1814","targetHints":{"allow":["GET"]}}],"collection":[{"href":"https:\/\/imagesexpressions.fr\/index.php\/wp-json\/wp\/v2\/posts"}],"about":[{"href":"https:\/\/imagesexpressions.fr\/index.php\/wp-json\/wp\/v2\/types\/post"}],"author":[{"embeddable":true,"href":"https:\/\/imagesexpressions.fr\/index.php\/wp-json\/wp\/v2\/users\/1"}],"replies":[{"embeddable":true,"href":"https:\/\/imagesexpressions.fr\/index.php\/wp-json\/wp\/v2\/comments?post=1814"}],"version-history":[{"count":2,"href":"https:\/\/imagesexpressions.fr\/index.php\/wp-json\/wp\/v2\/posts\/1814\/revisions"}],"predecessor-version":[{"id":1817,"href":"https:\/\/imagesexpressions.fr\/index.php\/wp-json\/wp\/v2\/posts\/1814\/revisions\/1817"}],"wp:attachment":[{"href":"https:\/\/imagesexpressions.fr\/index.php\/wp-json\/wp\/v2\/media?parent=1814"}],"wp:term":[{"taxonomy":"category","embeddable":true,"href":"https:\/\/imagesexpressions.fr\/index.php\/wp-json\/wp\/v2\/categories?post=1814"},{"taxonomy":"post_tag","embeddable":true,"href":"https:\/\/imagesexpressions.fr\/index.php\/wp-json\/wp\/v2\/tags?post=1814"}],"curies":[{"name":"wp","href":"https:\/\/api.w.org\/{rel}","templated":true}]}}