{"id":1779,"date":"2026-03-12T08:47:28","date_gmt":"2026-03-12T07:47:28","guid":{"rendered":"https:\/\/imagesexpressions.fr\/?p=1779"},"modified":"2026-04-29T08:42:52","modified_gmt":"2026-04-29T06:42:52","slug":"le-concours-regional-nature-papier-2026-sest-tenu-dans-notre-club","status":"publish","type":"post","link":"https:\/\/imagesexpressions.fr\/index.php\/2026\/03\/12\/le-concours-regional-nature-papier-2026-sest-tenu-dans-notre-club\/","title":{"rendered":"Le concours r\u00e9gional nature papier 2026 s\u2019est tenu dans notre club"},"content":{"rendered":"\n<p><strong>Le samedi 7 mars 2026&nbsp;notre club a accueilli le concours r\u00e9gional nature papier \u00e0 la maison de la mer, en pr\u00e9sence notamment de&nbsp;:<\/strong><\/p>\n\n\n\n<p><strong>&#8211; Jean-Marc Fiancette, Vice-pr\u00e9sident de l\u2019UR 13,<\/strong><\/p>\n\n\n\n<p><strong>&#8211; Daniel Franquin commissaire nature de l\u2019UR 13 &nbsp;<\/strong><\/p>\n\n\n\n<p><strong>&#8211; Notre pr\u00e9sident Jo\u00ebl Combe.<\/strong><\/p>\n\n\n\n<p>La journ\u00e9e s\u2019est tr\u00e8s bien d\u00e9roul\u00e9e dans une ambiance cordiale, durant laquelle nous avons eu le plaisir de recevoir la visite de membres de diff\u00e9rents clubs de la r\u00e9gion, parmi lesquels nous avons not\u00e9 la pr\u00e9sence de Mich\u00e8le Terrisse, pr\u00e9sidente du club de Mouans-Sartoux et de Christophe Dentinger d\u2019IBM.<\/p>\n\n\n\n<p>Il faut dire que l\u2019accueil caf\u00e9 et viennoiseries organis\u00e9 par Annick Corfini, Dominique Durand et Muriel No\u00ebl \u00e9tait des plus sympathiques&nbsp;!<\/p>\n\n\n\n<p>Les juges en charge d\u2019appr\u00e9cier les photos \u00e9taient&nbsp;:<\/p>\n\n\n\n<p>&#8211; Dominik Garcia (IBM),<\/p>\n\n\n\n<p>&#8211; Guy Tharon (ancien pr\u00e9sident de Mouans-sartoux)<\/p>\n\n\n\n<p>&#8211; Jean-Marc Fiancette, qui a remplac\u00e9 un juge emp\u00each\u00e9.<\/p>\n\n\n\n<p>Les assesseurs de juges \u00e9taient&nbsp;:<\/p>\n\n\n\n<p>&#8211; Jo\u00ebl Gourmelen,<\/p>\n\n\n\n<p>&#8211; Jean-Marc Campos<\/p>\n\n\n\n<p>&#8211; Serge Durand, remplac\u00e9 dans l\u2019apr\u00e8s-midi par Jo\u00ebl Combe.<\/p>\n\n\n\n<p>Les r\u00e9sultats ont \u00e9t\u00e9 proclam\u00e9s en fin d\u2019apr\u00e8s-midi par le commissaire nature, nous avons not\u00e9 \u00e0 cette occasion la tr\u00e8s belle place obtenue par la photo du Paille en Queue de Denise Pesce, bravo \u00e0 elle&nbsp;!<\/p>\n\n\n\n<p>Ensuite il a fallu tout r\u00e9emballer&nbsp;!<\/p>\n\n\n\n<p><strong>Un grand merci \u00e0 tous ceux qui se sont mobilis\u00e9s pour que cette manifestation se d\u00e9roule dans les meilleures conditions&nbsp;et pour laquelle nous avons re\u00e7u les f\u00e9licitations du commissaire nature<\/strong>&nbsp;:<\/p>\n\n\n\n<p>&nbsp;&nbsp;&nbsp;&nbsp;&nbsp;&nbsp;&nbsp;&nbsp;&nbsp;&nbsp;&nbsp;&nbsp;&nbsp; -Annick Corfini&nbsp;: Am\u00e9nagement de la salle, alimentation solide et liquide<\/p>\n\n\n\n<p>&#8211; Dominique Durand&nbsp;: Approvisionnements solides et liquides, am\u00e9nagement de la salle, reportage photos<\/p>\n\n\n\n<p>&#8211; Muriel No\u00ebl&nbsp;: Am\u00e9nagement de la salle, alimentation solide et liquide<\/p>\n\n\n\n<p>-Jo\u00ebl Combe&nbsp;: Coordination, location et am\u00e9nagement de la salle, assesseur<\/p>\n\n\n\n<p>-JM Campos&nbsp;: Coordination, \u00e9quipements, am\u00e9nagement de la salle, assesseur<\/p>\n\n\n\n<p>-Serge Durand&nbsp;: Am\u00e9nagement de la salle, assesseur<\/p>\n\n\n\n<p>-Jo\u00ebl Gourmelen&nbsp;: Am\u00e9nagement de la salle, assesseur<\/p>\n\n\n\n<p>-Jean-Claude Doussot&nbsp;: reportage photo<\/p>\n\n\n\n<p>Jean-Marc Campos<\/p>\n\n\n\n<figure class=\"wp-block-gallery has-nested-images columns-default is-cropped wp-block-gallery-1 is-layout-flex wp-block-gallery-is-layout-flex\">\n<figure class=\"wp-block-image size-large\"><img loading=\"lazy\" decoding=\"async\" width=\"1200\" height=\"578\" data-orig-file=\"https:\/\/imagesexpressions.fr\/wp-content\/uploads\/2026\/03\/DSC_6773.jpg\" data-attachment-url=\"https:\/\/imagesexpressions.fr\/index.php\/2026\/03\/12\/le-concours-regional-nature-papier-2026-sest-tenu-dans-notre-club\/dsc_6773\/\" data-aspectratio=\"2.08\" data-caption=\"\" data-image-title=\"DSC_6773\" data-image-description=\"\" srcset=\"https:\/\/imagesexpressions.fr\/wp-content\/uploads\/2026\/03\/DSC_6773-600x289.jpg 600w, https:\/\/imagesexpressions.fr\/wp-content\/uploads\/2026\/03\/DSC_6773-1200x578.jpg 1200w, https:\/\/imagesexpressions.fr\/wp-content\/uploads\/2026\/03\/DSC_6773-768x370.jpg 768w, https:\/\/imagesexpressions.fr\/wp-content\/uploads\/2026\/03\/DSC_6773-1536x739.jpg 1536w, https:\/\/imagesexpressions.fr\/wp-content\/uploads\/2026\/03\/DSC_6773-150x72.jpg 150w, https:\/\/imagesexpressions.fr\/wp-content\/uploads\/2026\/03\/DSC_6773.jpg 1920w\" data-id=\"1786\" src=\"https:\/\/imagesexpressions.fr\/wp-content\/uploads\/2026\/03\/DSC_6773-1200x578.jpg\" alt=\"\" class=\"wp-image-1786\"\/><\/figure>\n\n<script type=\"application\/ld+json\">[\n    {\n        \"@context\": \"https:\/\/schema.org\/\",\n        \"@type\": \"ImageObject\",\n        \"contentUrl\": \"https:\/\/imagesexpressions.fr\/wp-content\/uploads\/2026\/03\/DSC_6773.jpg\",\n        \"license\": \"\",\n        \"acquireLicensePage\": \"\"\n    }\n]<\/script>\n\n\n<figure class=\"wp-block-image size-large\"><img loading=\"lazy\" decoding=\"async\" width=\"1200\" height=\"894\" data-orig-file=\"https:\/\/imagesexpressions.fr\/wp-content\/uploads\/2026\/03\/DSC_6779.jpg\" data-attachment-url=\"https:\/\/imagesexpressions.fr\/index.php\/2026\/03\/12\/le-concours-regional-nature-papier-2026-sest-tenu-dans-notre-club\/dsc_6779\/\" data-aspectratio=\"1.34\" data-caption=\"\" data-image-title=\"DSC_6779\" data-image-description=\"\" srcset=\"https:\/\/imagesexpressions.fr\/wp-content\/uploads\/2026\/03\/DSC_6779-600x447.jpg 600w, https:\/\/imagesexpressions.fr\/wp-content\/uploads\/2026\/03\/DSC_6779-1200x894.jpg 1200w, https:\/\/imagesexpressions.fr\/wp-content\/uploads\/2026\/03\/DSC_6779-768x572.jpg 768w, https:\/\/imagesexpressions.fr\/wp-content\/uploads\/2026\/03\/DSC_6779-1536x1144.jpg 1536w, https:\/\/imagesexpressions.fr\/wp-content\/uploads\/2026\/03\/DSC_6779-150x112.jpg 150w, https:\/\/imagesexpressions.fr\/wp-content\/uploads\/2026\/03\/DSC_6779.jpg 1920w\" data-id=\"1794\" src=\"https:\/\/imagesexpressions.fr\/wp-content\/uploads\/2026\/03\/DSC_6779-1200x894.jpg\" alt=\"\" class=\"wp-image-1794\"\/><\/figure>\n\n<script type=\"application\/ld+json\">[\n    {\n        \"@context\": \"https:\/\/schema.org\/\",\n        \"@type\": \"ImageObject\",\n        \"contentUrl\": \"https:\/\/imagesexpressions.fr\/wp-content\/uploads\/2026\/03\/DSC_6779.jpg\",\n        \"license\": \"\",\n        \"acquireLicensePage\": \"\"\n    }\n]<\/script>\n\n\n<figure class=\"wp-block-image size-large\"><img loading=\"lazy\" decoding=\"async\" width=\"1200\" height=\"772\" data-orig-file=\"https:\/\/imagesexpressions.fr\/wp-content\/uploads\/2026\/03\/DSC_6780.jpg\" data-attachment-url=\"https:\/\/imagesexpressions.fr\/index.php\/2026\/03\/12\/le-concours-regional-nature-papier-2026-sest-tenu-dans-notre-club\/dsc_6780\/\" data-aspectratio=\"1.55\" data-caption=\"\" data-image-title=\"DSC_6780\" data-image-description=\"\" srcset=\"https:\/\/imagesexpressions.fr\/wp-content\/uploads\/2026\/03\/DSC_6780-600x386.jpg 600w, https:\/\/imagesexpressions.fr\/wp-content\/uploads\/2026\/03\/DSC_6780-1200x772.jpg 1200w, https:\/\/imagesexpressions.fr\/wp-content\/uploads\/2026\/03\/DSC_6780-768x494.jpg 768w, https:\/\/imagesexpressions.fr\/wp-content\/uploads\/2026\/03\/DSC_6780-1536x988.jpg 1536w, https:\/\/imagesexpressions.fr\/wp-content\/uploads\/2026\/03\/DSC_6780-150x96.jpg 150w, https:\/\/imagesexpressions.fr\/wp-content\/uploads\/2026\/03\/DSC_6780.jpg 1920w\" data-id=\"1788\" src=\"https:\/\/imagesexpressions.fr\/wp-content\/uploads\/2026\/03\/DSC_6780-1200x772.jpg\" alt=\"\" class=\"wp-image-1788\"\/><\/figure>\n\n<script type=\"application\/ld+json\">[\n    {\n        \"@context\": \"https:\/\/schema.org\/\",\n        \"@type\": \"ImageObject\",\n        \"contentUrl\": \"https:\/\/imagesexpressions.fr\/wp-content\/uploads\/2026\/03\/DSC_6780.jpg\",\n        \"license\": \"\",\n        \"acquireLicensePage\": \"\"\n    }\n]<\/script>\n\n\n<figure class=\"wp-block-image size-large\"><img loading=\"lazy\" decoding=\"async\" width=\"1200\" height=\"434\" data-orig-file=\"https:\/\/imagesexpressions.fr\/wp-content\/uploads\/2026\/03\/DSC_6805.jpg\" data-attachment-url=\"https:\/\/imagesexpressions.fr\/index.php\/2026\/03\/12\/le-concours-regional-nature-papier-2026-sest-tenu-dans-notre-club\/dsc_6805\/\" data-aspectratio=\"2.76\" data-caption=\"\" data-image-title=\"DSC_6805\" data-image-description=\"\" srcset=\"https:\/\/imagesexpressions.fr\/wp-content\/uploads\/2026\/03\/DSC_6805-600x217.jpg 600w, https:\/\/imagesexpressions.fr\/wp-content\/uploads\/2026\/03\/DSC_6805-1200x434.jpg 1200w, https:\/\/imagesexpressions.fr\/wp-content\/uploads\/2026\/03\/DSC_6805-768x278.jpg 768w, https:\/\/imagesexpressions.fr\/wp-content\/uploads\/2026\/03\/DSC_6805-1536x556.jpg 1536w, https:\/\/imagesexpressions.fr\/wp-content\/uploads\/2026\/03\/DSC_6805-150x54.jpg 150w, https:\/\/imagesexpressions.fr\/wp-content\/uploads\/2026\/03\/DSC_6805.jpg 1920w\" data-id=\"1790\" src=\"https:\/\/imagesexpressions.fr\/wp-content\/uploads\/2026\/03\/DSC_6805-1200x434.jpg\" alt=\"\" class=\"wp-image-1790\"\/><\/figure>\n\n<script type=\"application\/ld+json\">[\n    {\n        \"@context\": \"https:\/\/schema.org\/\",\n        \"@type\": \"ImageObject\",\n        \"contentUrl\": \"https:\/\/imagesexpressions.fr\/wp-content\/uploads\/2026\/03\/DSC_6805.jpg\",\n        \"license\": \"\",\n        \"acquireLicensePage\": \"\"\n    }\n]<\/script>\n\n\n<figure class=\"wp-block-image size-large\"><img loading=\"lazy\" decoding=\"async\" width=\"1200\" height=\"1147\" data-orig-file=\"https:\/\/imagesexpressions.fr\/wp-content\/uploads\/2026\/03\/DSC_6814-1.jpg\" data-attachment-url=\"https:\/\/imagesexpressions.fr\/index.php\/2026\/03\/12\/le-concours-regional-nature-papier-2026-sest-tenu-dans-notre-club\/dsc_6814-2\/\" data-aspectratio=\"1.05\" data-caption=\"\" data-image-title=\"DSC_6814\" data-image-description=\"\" srcset=\"https:\/\/imagesexpressions.fr\/wp-content\/uploads\/2026\/03\/DSC_6814-1-600x573.jpg 600w, https:\/\/imagesexpressions.fr\/wp-content\/uploads\/2026\/03\/DSC_6814-1-1200x1147.jpg 1200w, https:\/\/imagesexpressions.fr\/wp-content\/uploads\/2026\/03\/DSC_6814-1-768x734.jpg 768w, https:\/\/imagesexpressions.fr\/wp-content\/uploads\/2026\/03\/DSC_6814-1-1536x1468.jpg 1536w, https:\/\/imagesexpressions.fr\/wp-content\/uploads\/2026\/03\/DSC_6814-1-150x143.jpg 150w, https:\/\/imagesexpressions.fr\/wp-content\/uploads\/2026\/03\/DSC_6814-1.jpg 1920w\" data-id=\"1803\" src=\"https:\/\/imagesexpressions.fr\/wp-content\/uploads\/2026\/03\/DSC_6814-1-1200x1147.jpg\" alt=\"\" class=\"wp-image-1803\"\/><\/figure>\n\n<script type=\"application\/ld+json\">[\n    {\n        \"@context\": \"https:\/\/schema.org\/\",\n        \"@type\": \"ImageObject\",\n        \"contentUrl\": \"https:\/\/imagesexpressions.fr\/wp-content\/uploads\/2026\/03\/DSC_6814-1.jpg\",\n        \"license\": \"\",\n        \"acquireLicensePage\": \"\"\n    }\n]<\/script>\n\n\n<figure class=\"wp-block-image size-large\"><img loading=\"lazy\" decoding=\"async\" width=\"866\" height=\"1200\" data-orig-file=\"https:\/\/imagesexpressions.fr\/wp-content\/uploads\/2026\/03\/DSC00308.jpg\" data-attachment-url=\"https:\/\/imagesexpressions.fr\/index.php\/2026\/03\/12\/le-concours-regional-nature-papier-2026-sest-tenu-dans-notre-club\/dsc00308\/\" data-aspectratio=\"0.72\" data-caption=\"\" data-image-title=\"DSC00308\" data-image-description=\"\" srcset=\"https:\/\/imagesexpressions.fr\/wp-content\/uploads\/2026\/03\/DSC00308-433x600.jpg 433w, https:\/\/imagesexpressions.fr\/wp-content\/uploads\/2026\/03\/DSC00308-866x1200.jpg 866w, https:\/\/imagesexpressions.fr\/wp-content\/uploads\/2026\/03\/DSC00308-768x1065.jpg 768w, https:\/\/imagesexpressions.fr\/wp-content\/uploads\/2026\/03\/DSC00308-1108x1536.jpg 1108w, https:\/\/imagesexpressions.fr\/wp-content\/uploads\/2026\/03\/DSC00308-108x150.jpg 108w, https:\/\/imagesexpressions.fr\/wp-content\/uploads\/2026\/03\/DSC00308.jpg 1385w\" data-id=\"1792\" src=\"https:\/\/imagesexpressions.fr\/wp-content\/uploads\/2026\/03\/DSC00308-866x1200.jpg\" alt=\"\" class=\"wp-image-1792\"\/><\/figure>\n\n<script type=\"application\/ld+json\">[\n    {\n        \"@context\": \"https:\/\/schema.org\/\",\n        \"@type\": \"ImageObject\",\n        \"contentUrl\": \"https:\/\/imagesexpressions.fr\/wp-content\/uploads\/2026\/03\/DSC00308.jpg\",\n        \"license\": \"\",\n        \"acquireLicensePage\": \"\"\n    }\n]<\/script>\n\n\n<figure class=\"wp-block-image size-large\"><img loading=\"lazy\" decoding=\"async\" width=\"1200\" height=\"799\" data-orig-file=\"https:\/\/imagesexpressions.fr\/wp-content\/uploads\/2026\/03\/PXL_20260307_105520423.TS-000-1.jpg\" data-attachment-url=\"https:\/\/imagesexpressions.fr\/index.php\/2026\/03\/12\/le-concours-regional-nature-papier-2026-sest-tenu-dans-notre-club\/pxl_20260307_105520423-ts-000-2\/\" data-aspectratio=\"1.5\" data-caption=\"\" data-image-title=\"PXL_20260307_105520423.TS-000\" data-image-description=\"\" srcset=\"https:\/\/imagesexpressions.fr\/wp-content\/uploads\/2026\/03\/PXL_20260307_105520423.TS-000-1-600x400.jpg 600w, https:\/\/imagesexpressions.fr\/wp-content\/uploads\/2026\/03\/PXL_20260307_105520423.TS-000-1-1200x799.jpg 1200w, https:\/\/imagesexpressions.fr\/wp-content\/uploads\/2026\/03\/PXL_20260307_105520423.TS-000-1-768x512.jpg 768w, https:\/\/imagesexpressions.fr\/wp-content\/uploads\/2026\/03\/PXL_20260307_105520423.TS-000-1-1536x1023.jpg 1536w, https:\/\/imagesexpressions.fr\/wp-content\/uploads\/2026\/03\/PXL_20260307_105520423.TS-000-1-150x100.jpg 150w, https:\/\/imagesexpressions.fr\/wp-content\/uploads\/2026\/03\/PXL_20260307_105520423.TS-000-1-900x600.jpg 900w, https:\/\/imagesexpressions.fr\/wp-content\/uploads\/2026\/03\/PXL_20260307_105520423.TS-000-1.jpg 1920w\" data-id=\"1802\" src=\"https:\/\/imagesexpressions.fr\/wp-content\/uploads\/2026\/03\/PXL_20260307_105520423.TS-000-1-1200x799.jpg\" alt=\"\" class=\"wp-image-1802\"\/><\/figure>\n\n<script type=\"application\/ld+json\">[\n    {\n        \"@context\": \"https:\/\/schema.org\/\",\n        \"@type\": \"ImageObject\",\n        \"contentUrl\": \"https:\/\/imagesexpressions.fr\/wp-content\/uploads\/2026\/03\/PXL_20260307_105520423.TS-000-1.jpg\",\n        \"license\": \"\",\n        \"acquireLicensePage\": \"\"\n    }\n]<\/script>\n\n\n<figure class=\"wp-block-image size-large\"><img loading=\"lazy\" decoding=\"async\" width=\"1200\" height=\"819\" data-orig-file=\"https:\/\/imagesexpressions.fr\/wp-content\/uploads\/2026\/03\/PXL_20260307_105640424.TS-000.jpg\" data-attachment-url=\"https:\/\/imagesexpressions.fr\/index.php\/2026\/03\/12\/le-concours-regional-nature-papier-2026-sest-tenu-dans-notre-club\/pxl_20260307_105640424-ts-000\/\" data-aspectratio=\"1.46\" data-caption=\"\" data-image-title=\"PXL_20260307_105640424.TS-000\" data-image-description=\"\" srcset=\"https:\/\/imagesexpressions.fr\/wp-content\/uploads\/2026\/03\/PXL_20260307_105640424.TS-000-600x410.jpg 600w, https:\/\/imagesexpressions.fr\/wp-content\/uploads\/2026\/03\/PXL_20260307_105640424.TS-000-1200x819.jpg 1200w, https:\/\/imagesexpressions.fr\/wp-content\/uploads\/2026\/03\/PXL_20260307_105640424.TS-000-768x524.jpg 768w, https:\/\/imagesexpressions.fr\/wp-content\/uploads\/2026\/03\/PXL_20260307_105640424.TS-000-1536x1049.jpg 1536w, https:\/\/imagesexpressions.fr\/wp-content\/uploads\/2026\/03\/PXL_20260307_105640424.TS-000-150x102.jpg 150w, https:\/\/imagesexpressions.fr\/wp-content\/uploads\/2026\/03\/PXL_20260307_105640424.TS-000.jpg 1920w\" data-id=\"1793\" src=\"https:\/\/imagesexpressions.fr\/wp-content\/uploads\/2026\/03\/PXL_20260307_105640424.TS-000-1200x819.jpg\" alt=\"\" class=\"wp-image-1793\"\/><\/figure>\n\n<script type=\"application\/ld+json\">[\n    {\n        \"@context\": \"https:\/\/schema.org\/\",\n        \"@type\": \"ImageObject\",\n        \"contentUrl\": \"https:\/\/imagesexpressions.fr\/wp-content\/uploads\/2026\/03\/PXL_20260307_105640424.TS-000.jpg\",\n        \"license\": \"\",\n        \"acquireLicensePage\": \"\"\n    }\n]<\/script>\n\n\n<figure class=\"wp-block-image size-large\"><img loading=\"lazy\" decoding=\"async\" width=\"1200\" height=\"904\" data-orig-file=\"https:\/\/imagesexpressions.fr\/wp-content\/uploads\/2026\/03\/PXL_20260307_154653329-1.jpg\" data-attachment-url=\"https:\/\/imagesexpressions.fr\/index.php\/2026\/03\/12\/le-concours-regional-nature-papier-2026-sest-tenu-dans-notre-club\/pxl_20260307_154653329-2\/\" data-aspectratio=\"1.33\" data-caption=\"\" data-image-title=\"PXL_20260307_154653329\" data-image-description=\"\" srcset=\"https:\/\/imagesexpressions.fr\/wp-content\/uploads\/2026\/03\/PXL_20260307_154653329-1-600x452.jpg 600w, https:\/\/imagesexpressions.fr\/wp-content\/uploads\/2026\/03\/PXL_20260307_154653329-1-1200x904.jpg 1200w, https:\/\/imagesexpressions.fr\/wp-content\/uploads\/2026\/03\/PXL_20260307_154653329-1-768x578.jpg 768w, https:\/\/imagesexpressions.fr\/wp-content\/uploads\/2026\/03\/PXL_20260307_154653329-1-1536x1157.jpg 1536w, https:\/\/imagesexpressions.fr\/wp-content\/uploads\/2026\/03\/PXL_20260307_154653329-1-150x113.jpg 150w, https:\/\/imagesexpressions.fr\/wp-content\/uploads\/2026\/03\/PXL_20260307_154653329-1.jpg 1920w\" data-id=\"1801\" src=\"https:\/\/imagesexpressions.fr\/wp-content\/uploads\/2026\/03\/PXL_20260307_154653329-1-1200x904.jpg\" alt=\"\" class=\"wp-image-1801\"\/><\/figure>\n\n<script type=\"application\/ld+json\">[\n    {\n        \"@context\": \"https:\/\/schema.org\/\",\n        \"@type\": \"ImageObject\",\n        \"contentUrl\": \"https:\/\/imagesexpressions.fr\/wp-content\/uploads\/2026\/03\/PXL_20260307_154653329-1.jpg\",\n        \"license\": \"\",\n        \"acquireLicensePage\": \"\"\n    }\n]<\/script>\n\n\n<figure class=\"wp-block-image size-large\"><img loading=\"lazy\" decoding=\"async\" width=\"904\" height=\"1200\" data-orig-file=\"https:\/\/imagesexpressions.fr\/wp-content\/uploads\/2026\/03\/PXL_20260307_154828046-1.jpg\" data-attachment-url=\"https:\/\/imagesexpressions.fr\/index.php\/2026\/03\/12\/le-concours-regional-nature-papier-2026-sest-tenu-dans-notre-club\/pxl_20260307_154828046-2\/\" data-aspectratio=\"0.75\" data-caption=\"\" data-image-title=\"PXL_20260307_154828046\" data-image-description=\"\" srcset=\"https:\/\/imagesexpressions.fr\/wp-content\/uploads\/2026\/03\/PXL_20260307_154828046-1-452x600.jpg 452w, https:\/\/imagesexpressions.fr\/wp-content\/uploads\/2026\/03\/PXL_20260307_154828046-1-904x1200.jpg 904w, https:\/\/imagesexpressions.fr\/wp-content\/uploads\/2026\/03\/PXL_20260307_154828046-1-768x1020.jpg 768w, https:\/\/imagesexpressions.fr\/wp-content\/uploads\/2026\/03\/PXL_20260307_154828046-1-1157x1536.jpg 1157w, https:\/\/imagesexpressions.fr\/wp-content\/uploads\/2026\/03\/PXL_20260307_154828046-1-113x150.jpg 113w, https:\/\/imagesexpressions.fr\/wp-content\/uploads\/2026\/03\/PXL_20260307_154828046-1.jpg 1446w\" data-id=\"1800\" src=\"https:\/\/imagesexpressions.fr\/wp-content\/uploads\/2026\/03\/PXL_20260307_154828046-1-904x1200.jpg\" alt=\"\" class=\"wp-image-1800\"\/><\/figure>\n\n<script type=\"application\/ld+json\">[\n    {\n        \"@context\": \"https:\/\/schema.org\/\",\n        \"@type\": \"ImageObject\",\n        \"contentUrl\": \"https:\/\/imagesexpressions.fr\/wp-content\/uploads\/2026\/03\/PXL_20260307_154828046-1.jpg\",\n        \"license\": \"\",\n        \"acquireLicensePage\": \"\"\n    }\n]<\/script>\n\n\n<figure class=\"wp-block-image size-large\"><img loading=\"lazy\" decoding=\"async\" width=\"1200\" height=\"904\" data-orig-file=\"https:\/\/imagesexpressions.fr\/wp-content\/uploads\/2026\/03\/PXL_20260307_154842694-1.jpg\" data-attachment-url=\"https:\/\/imagesexpressions.fr\/index.php\/2026\/03\/12\/le-concours-regional-nature-papier-2026-sest-tenu-dans-notre-club\/pxl_20260307_154842694-2\/\" data-aspectratio=\"1.33\" data-caption=\"\" data-image-title=\"PXL_20260307_154842694\" data-image-description=\"\" srcset=\"https:\/\/imagesexpressions.fr\/wp-content\/uploads\/2026\/03\/PXL_20260307_154842694-1-600x452.jpg 600w, https:\/\/imagesexpressions.fr\/wp-content\/uploads\/2026\/03\/PXL_20260307_154842694-1-1200x904.jpg 1200w, https:\/\/imagesexpressions.fr\/wp-content\/uploads\/2026\/03\/PXL_20260307_154842694-1-768x578.jpg 768w, https:\/\/imagesexpressions.fr\/wp-content\/uploads\/2026\/03\/PXL_20260307_154842694-1-1536x1157.jpg 1536w, https:\/\/imagesexpressions.fr\/wp-content\/uploads\/2026\/03\/PXL_20260307_154842694-1-150x113.jpg 150w, https:\/\/imagesexpressions.fr\/wp-content\/uploads\/2026\/03\/PXL_20260307_154842694-1.jpg 1920w\" data-id=\"1799\" src=\"https:\/\/imagesexpressions.fr\/wp-content\/uploads\/2026\/03\/PXL_20260307_154842694-1-1200x904.jpg\" alt=\"\" class=\"wp-image-1799\"\/><\/figure>\n\n<script type=\"application\/ld+json\">[\n    {\n        \"@context\": \"https:\/\/schema.org\/\",\n        \"@type\": \"ImageObject\",\n        \"contentUrl\": \"https:\/\/imagesexpressions.fr\/wp-content\/uploads\/2026\/03\/PXL_20260307_154842694-1.jpg\",\n        \"license\": \"\",\n        \"acquireLicensePage\": \"\"\n    }\n]<\/script>\n\n\n<figure class=\"wp-block-image size-large\"><img loading=\"lazy\" decoding=\"async\" width=\"1200\" height=\"1100\" data-orig-file=\"https:\/\/imagesexpressions.fr\/wp-content\/uploads\/2026\/03\/PXL_20260307_154908368-1.jpg\" data-attachment-url=\"https:\/\/imagesexpressions.fr\/index.php\/2026\/03\/12\/le-concours-regional-nature-papier-2026-sest-tenu-dans-notre-club\/pxl_20260307_154908368-2\/\" data-aspectratio=\"1.09\" data-caption=\"\" data-image-title=\"PXL_20260307_154908368\" data-image-description=\"\" srcset=\"https:\/\/imagesexpressions.fr\/wp-content\/uploads\/2026\/03\/PXL_20260307_154908368-1-600x550.jpg 600w, https:\/\/imagesexpressions.fr\/wp-content\/uploads\/2026\/03\/PXL_20260307_154908368-1-1200x1100.jpg 1200w, https:\/\/imagesexpressions.fr\/wp-content\/uploads\/2026\/03\/PXL_20260307_154908368-1-768x704.jpg 768w, https:\/\/imagesexpressions.fr\/wp-content\/uploads\/2026\/03\/PXL_20260307_154908368-1-1536x1408.jpg 1536w, https:\/\/imagesexpressions.fr\/wp-content\/uploads\/2026\/03\/PXL_20260307_154908368-1-150x138.jpg 150w, https:\/\/imagesexpressions.fr\/wp-content\/uploads\/2026\/03\/PXL_20260307_154908368-1.jpg 1920w\" data-id=\"1798\" src=\"https:\/\/imagesexpressions.fr\/wp-content\/uploads\/2026\/03\/PXL_20260307_154908368-1-1200x1100.jpg\" alt=\"\" class=\"wp-image-1798\"\/><\/figure>\n\n<script type=\"application\/ld+json\">[\n    {\n        \"@context\": \"https:\/\/schema.org\/\",\n        \"@type\": \"ImageObject\",\n        \"contentUrl\": \"https:\/\/imagesexpressions.fr\/wp-content\/uploads\/2026\/03\/PXL_20260307_154908368-1.jpg\",\n        \"license\": \"\",\n        \"acquireLicensePage\": \"\"\n    }\n]<\/script>\n\n\n<figure class=\"wp-block-image size-large\"><img loading=\"lazy\" decoding=\"async\" width=\"1200\" height=\"904\" data-orig-file=\"https:\/\/imagesexpressions.fr\/wp-content\/uploads\/2026\/03\/PXL_20260307_154930592-1.jpg\" data-attachment-url=\"https:\/\/imagesexpressions.fr\/index.php\/2026\/03\/12\/le-concours-regional-nature-papier-2026-sest-tenu-dans-notre-club\/pxl_20260307_154930592-2\/\" data-aspectratio=\"1.33\" data-caption=\"\" data-image-title=\"PXL_20260307_154930592\" data-image-description=\"\" srcset=\"https:\/\/imagesexpressions.fr\/wp-content\/uploads\/2026\/03\/PXL_20260307_154930592-1-600x452.jpg 600w, https:\/\/imagesexpressions.fr\/wp-content\/uploads\/2026\/03\/PXL_20260307_154930592-1-1200x904.jpg 1200w, https:\/\/imagesexpressions.fr\/wp-content\/uploads\/2026\/03\/PXL_20260307_154930592-1-768x578.jpg 768w, https:\/\/imagesexpressions.fr\/wp-content\/uploads\/2026\/03\/PXL_20260307_154930592-1-1536x1157.jpg 1536w, https:\/\/imagesexpressions.fr\/wp-content\/uploads\/2026\/03\/PXL_20260307_154930592-1-150x113.jpg 150w, https:\/\/imagesexpressions.fr\/wp-content\/uploads\/2026\/03\/PXL_20260307_154930592-1.jpg 1920w\" data-id=\"1797\" src=\"https:\/\/imagesexpressions.fr\/wp-content\/uploads\/2026\/03\/PXL_20260307_154930592-1-1200x904.jpg\" alt=\"\" class=\"wp-image-1797\"\/><\/figure>\n\n<script type=\"application\/ld+json\">[\n    {\n        \"@context\": \"https:\/\/schema.org\/\",\n        \"@type\": \"ImageObject\",\n        \"contentUrl\": \"https:\/\/imagesexpressions.fr\/wp-content\/uploads\/2026\/03\/PXL_20260307_154930592-1.jpg\",\n        \"license\": \"\",\n        \"acquireLicensePage\": \"\"\n    }\n]<\/script>\n\n\n<figure class=\"wp-block-image size-large\"><img loading=\"lazy\" decoding=\"async\" width=\"904\" height=\"1200\" data-orig-file=\"https:\/\/imagesexpressions.fr\/wp-content\/uploads\/2026\/03\/PXL_20260307_155155602.jpg\" data-attachment-url=\"https:\/\/imagesexpressions.fr\/index.php\/2026\/03\/12\/le-concours-regional-nature-papier-2026-sest-tenu-dans-notre-club\/pxl_20260307_155155602\/\" data-aspectratio=\"0.75\" data-caption=\"\" data-image-title=\"PXL_20260307_155155602\" data-image-description=\"\" srcset=\"https:\/\/imagesexpressions.fr\/wp-content\/uploads\/2026\/03\/PXL_20260307_155155602-452x600.jpg 452w, https:\/\/imagesexpressions.fr\/wp-content\/uploads\/2026\/03\/PXL_20260307_155155602-904x1200.jpg 904w, https:\/\/imagesexpressions.fr\/wp-content\/uploads\/2026\/03\/PXL_20260307_155155602-768x1020.jpg 768w, https:\/\/imagesexpressions.fr\/wp-content\/uploads\/2026\/03\/PXL_20260307_155155602-1157x1536.jpg 1157w, https:\/\/imagesexpressions.fr\/wp-content\/uploads\/2026\/03\/PXL_20260307_155155602-113x150.jpg 113w, https:\/\/imagesexpressions.fr\/wp-content\/uploads\/2026\/03\/PXL_20260307_155155602.jpg 1446w\" data-id=\"1795\" src=\"https:\/\/imagesexpressions.fr\/wp-content\/uploads\/2026\/03\/PXL_20260307_155155602-904x1200.jpg\" alt=\"\" class=\"wp-image-1795\"\/><\/figure>\n\n<script type=\"application\/ld+json\">[\n    {\n        \"@context\": \"https:\/\/schema.org\/\",\n        \"@type\": \"ImageObject\",\n        \"contentUrl\": \"https:\/\/imagesexpressions.fr\/wp-content\/uploads\/2026\/03\/PXL_20260307_155155602.jpg\",\n        \"license\": \"\",\n        \"acquireLicensePage\": \"\"\n    }\n]<\/script>\n\n\n<figure class=\"wp-block-image size-large\"><img loading=\"lazy\" decoding=\"async\" width=\"904\" height=\"1200\" data-orig-file=\"https:\/\/imagesexpressions.fr\/wp-content\/uploads\/2026\/03\/PXL_20260307_155202231-1.jpg\" data-attachment-url=\"https:\/\/imagesexpressions.fr\/index.php\/2026\/03\/12\/le-concours-regional-nature-papier-2026-sest-tenu-dans-notre-club\/pxl_20260307_155202231-2\/\" data-aspectratio=\"0.75\" data-caption=\"\" data-image-title=\"PXL_20260307_155202231\" data-image-description=\"\" srcset=\"https:\/\/imagesexpressions.fr\/wp-content\/uploads\/2026\/03\/PXL_20260307_155202231-1-452x600.jpg 452w, https:\/\/imagesexpressions.fr\/wp-content\/uploads\/2026\/03\/PXL_20260307_155202231-1-904x1200.jpg 904w, https:\/\/imagesexpressions.fr\/wp-content\/uploads\/2026\/03\/PXL_20260307_155202231-1-768x1020.jpg 768w, https:\/\/imagesexpressions.fr\/wp-content\/uploads\/2026\/03\/PXL_20260307_155202231-1-1157x1536.jpg 1157w, https:\/\/imagesexpressions.fr\/wp-content\/uploads\/2026\/03\/PXL_20260307_155202231-1-113x150.jpg 113w, https:\/\/imagesexpressions.fr\/wp-content\/uploads\/2026\/03\/PXL_20260307_155202231-1.jpg 1446w\" data-id=\"1796\" src=\"https:\/\/imagesexpressions.fr\/wp-content\/uploads\/2026\/03\/PXL_20260307_155202231-1-904x1200.jpg\" alt=\"\" class=\"wp-image-1796\"\/><\/figure>\n\n<script type=\"application\/ld+json\">[\n    {\n        \"@context\": \"https:\/\/schema.org\/\",\n        \"@type\": \"ImageObject\",\n        \"contentUrl\": \"https:\/\/imagesexpressions.fr\/wp-content\/uploads\/2026\/03\/PXL_20260307_155202231-1.jpg\",\n        \"license\": \"\",\n        \"acquireLicensePage\": \"\"\n    }\n]<\/script><\/figure>\n","protected":false},"excerpt":{"rendered":"<p>Le samedi 7 mars 2026&nbsp;notre club a accueilli le concours r\u00e9gional nature papier \u00e0 la maison de la mer, en pr\u00e9sence notamment de&nbsp;: &#8211; Jean-Marc Fiancette, Vice-pr\u00e9sident de l\u2019UR 13, &#8211; Daniel Franquin commissaire nature de l\u2019UR 13 &nbsp; &#8211; Notre pr\u00e9sident Jo\u00ebl Combe. La journ\u00e9e s\u2019est tr\u00e8s bien d\u00e9roul\u00e9e dans une ambiance cordiale, durant laquelle nous avons eu le plaisir de recevoir la visite de membres de diff\u00e9rents clubs de la r\u00e9gion, parmi lesquels nous avons not\u00e9 la pr\u00e9sence de Mich\u00e8le Terrisse, pr\u00e9sidente du club de Mouans-Sartoux et de Christophe Dentinger d\u2019IBM. Il faut dire que l\u2019accueil caf\u00e9 et viennoiseries organis\u00e9 par Annick Corfini, Dominique Durand et Muriel No\u00ebl \u00e9tait des plus sympathiques&nbsp;! Les juges en charge d\u2019appr\u00e9cier les photos \u00e9taient&nbsp;: &#8211; Dominik Garcia (IBM), &#8211; Guy Tharon (ancien pr\u00e9sident de Mouans-sartoux) &#8211; Jean-Marc Fiancette, qui a remplac\u00e9 un juge emp\u00each\u00e9. Les assesseurs de juges \u00e9taient&nbsp;: &#8211; Jo\u00ebl Gourmelen, &#8211; Jean-Marc Campos &#8211; Serge Durand, remplac\u00e9 dans l\u2019apr\u00e8s-midi par Jo\u00ebl Combe. Les r\u00e9sultats ont \u00e9t\u00e9 proclam\u00e9s en fin d\u2019apr\u00e8s-midi par le commissaire nature, nous avons not\u00e9 \u00e0 cette occasion la tr\u00e8s belle place obtenue par la photo du Paille en Queue de Denise Pesce, bravo \u00e0 elle&nbsp;! Ensuite il a fallu tout r\u00e9emballer&nbsp;! Un grand merci \u00e0 tous ceux qui se sont mobilis\u00e9s pour que cette manifestation se d\u00e9roule dans les meilleures conditions&nbsp;et pour laquelle nous avons re\u00e7u les f\u00e9licitations du commissaire nature&nbsp;: &nbsp;&nbsp;&nbsp;&nbsp;&nbsp;&nbsp;&nbsp;&nbsp;&nbsp;&nbsp;&nbsp;&nbsp;&nbsp; -Annick Corfini&nbsp;: Am\u00e9nagement de la salle, alimentation solide et liquide &#8211; Dominique Durand&nbsp;: Approvisionnements solides et liquides, am\u00e9nagement de la salle, reportage photos &#8211; Muriel No\u00ebl&nbsp;: Am\u00e9nagement de la salle, alimentation solide et liquide -Jo\u00ebl Combe&nbsp;: Coordination, location et am\u00e9nagement de la salle, assesseur -JM Campos&nbsp;: Coordination, \u00e9quipements, am\u00e9nagement de la salle, assesseur -Serge Durand&nbsp;: Am\u00e9nagement de la salle, assesseur -Jo\u00ebl Gourmelen&nbsp;: Am\u00e9nagement de la&#8230;<\/p>\n<p class=\"continue-reading-button\"> <a class=\"continue-reading-link\" href=\"https:\/\/imagesexpressions.fr\/index.php\/2026\/03\/12\/le-concours-regional-nature-papier-2026-sest-tenu-dans-notre-club\/\">Lire la suite<i class=\"crycon-right-dir\"><\/i><\/a><\/p>\n","protected":false},"author":1,"featured_media":0,"comment_status":"closed","ping_status":"closed","sticky":false,"template":"","format":"standard","meta":{"footnotes":""},"categories":[5,27],"tags":[],"class_list":["post-1779","post","type-post","status-publish","format-standard","hentry","category-blog","category-evenements"],"yoast_head":"<!-- This site is optimized with the Yoast SEO plugin v26.9 - https:\/\/yoast.com\/product\/yoast-seo-wordpress\/ -->\n<title>Le concours r\u00e9gional nature papier 2026 s\u2019est tenu dans notre club - IMAGES ET EXPRESSIONS<\/title>\n<meta name=\"robots\" content=\"index, follow, max-snippet:-1, max-image-preview:large, max-video-preview:-1\" \/>\n<link rel=\"canonical\" href=\"https:\/\/imagesexpressions.fr\/index.php\/2026\/03\/12\/le-concours-regional-nature-papier-2026-sest-tenu-dans-notre-club\/\" \/>\n<meta property=\"og:locale\" content=\"fr_FR\" \/>\n<meta property=\"og:type\" content=\"article\" \/>\n<meta property=\"og:title\" content=\"Le concours r\u00e9gional nature papier 2026 s\u2019est tenu dans notre club - IMAGES ET EXPRESSIONS\" \/>\n<meta property=\"og:description\" content=\"Le samedi 7 mars 2026&nbsp;notre club a accueilli le concours r\u00e9gional nature papier \u00e0 la maison de la mer, en pr\u00e9sence notamment de&nbsp;: &#8211; Jean-Marc Fiancette, Vice-pr\u00e9sident de l\u2019UR 13, &#8211; Daniel Franquin commissaire nature de l\u2019UR 13 &nbsp; &#8211; Notre pr\u00e9sident Jo\u00ebl Combe. La journ\u00e9e s\u2019est tr\u00e8s bien d\u00e9roul\u00e9e dans une ambiance cordiale, durant laquelle nous avons eu le plaisir de recevoir la visite de membres de diff\u00e9rents clubs de la r\u00e9gion, parmi lesquels nous avons not\u00e9 la pr\u00e9sence de Mich\u00e8le Terrisse, pr\u00e9sidente du club de Mouans-Sartoux et de Christophe Dentinger d\u2019IBM. Il faut dire que l\u2019accueil caf\u00e9 et viennoiseries organis\u00e9 par Annick Corfini, Dominique Durand et Muriel No\u00ebl \u00e9tait des plus sympathiques&nbsp;! Les juges en charge d\u2019appr\u00e9cier les photos \u00e9taient&nbsp;: &#8211; Dominik Garcia (IBM), &#8211; Guy Tharon (ancien pr\u00e9sident de Mouans-sartoux) &#8211; Jean-Marc Fiancette, qui a remplac\u00e9 un juge emp\u00each\u00e9. Les assesseurs de juges \u00e9taient&nbsp;: &#8211; Jo\u00ebl Gourmelen, &#8211; Jean-Marc Campos &#8211; Serge Durand, remplac\u00e9 dans l\u2019apr\u00e8s-midi par Jo\u00ebl Combe. Les r\u00e9sultats ont \u00e9t\u00e9 proclam\u00e9s en fin d\u2019apr\u00e8s-midi par le commissaire nature, nous avons not\u00e9 \u00e0 cette occasion la tr\u00e8s belle place obtenue par la photo du Paille en Queue de Denise Pesce, bravo \u00e0 elle&nbsp;! Ensuite il a fallu tout r\u00e9emballer&nbsp;! Un grand merci \u00e0 tous ceux qui se sont mobilis\u00e9s pour que cette manifestation se d\u00e9roule dans les meilleures conditions&nbsp;et pour laquelle nous avons re\u00e7u les f\u00e9licitations du commissaire nature&nbsp;: &nbsp;&nbsp;&nbsp;&nbsp;&nbsp;&nbsp;&nbsp;&nbsp;&nbsp;&nbsp;&nbsp;&nbsp;&nbsp; -Annick Corfini&nbsp;: Am\u00e9nagement de la salle, alimentation solide et liquide &#8211; Dominique Durand&nbsp;: Approvisionnements solides et liquides, am\u00e9nagement de la salle, reportage photos &#8211; Muriel No\u00ebl&nbsp;: Am\u00e9nagement de la salle, alimentation solide et liquide -Jo\u00ebl Combe&nbsp;: Coordination, location et am\u00e9nagement de la salle, assesseur -JM Campos&nbsp;: Coordination, \u00e9quipements, am\u00e9nagement de la salle, assesseur -Serge Durand&nbsp;: Am\u00e9nagement de la salle, assesseur -Jo\u00ebl Gourmelen&nbsp;: Am\u00e9nagement de la... Lire la suite\" \/>\n<meta property=\"og:url\" content=\"https:\/\/imagesexpressions.fr\/index.php\/2026\/03\/12\/le-concours-regional-nature-papier-2026-sest-tenu-dans-notre-club\/\" \/>\n<meta property=\"og:site_name\" content=\"IMAGES ET EXPRESSIONS\" \/>\n<meta property=\"article:publisher\" content=\"https:\/\/www.facebook.com\/groups\/2342617975975546\" \/>\n<meta property=\"article:published_time\" content=\"2026-03-12T07:47:28+00:00\" \/>\n<meta property=\"article:modified_time\" content=\"2026-04-29T06:42:52+00:00\" \/>\n<meta property=\"og:image\" content=\"https:\/\/imagesexpressions.fr\/wp-content\/uploads\/2026\/03\/DSC_6773.jpg\" \/>\n\t<meta property=\"og:image:width\" content=\"1920\" \/>\n\t<meta property=\"og:image:height\" content=\"924\" \/>\n\t<meta property=\"og:image:type\" content=\"image\/jpeg\" \/>\n<meta name=\"author\" content=\"admin8688\" \/>\n<meta name=\"twitter:card\" content=\"summary_large_image\" \/>\n<meta name=\"twitter:label1\" content=\"\u00c9crit par\" \/>\n\t<meta name=\"twitter:data1\" content=\"admin8688\" \/>\n\t<meta name=\"twitter:label2\" content=\"Dur\u00e9e de lecture estim\u00e9e\" \/>\n\t<meta name=\"twitter:data2\" content=\"5 minutes\" \/>\n<script type=\"application\/ld+json\" class=\"yoast-schema-graph\">{\"@context\":\"https:\/\/schema.org\",\"@graph\":[{\"@type\":\"Article\",\"@id\":\"https:\/\/imagesexpressions.fr\/index.php\/2026\/03\/12\/le-concours-regional-nature-papier-2026-sest-tenu-dans-notre-club\/#article\",\"isPartOf\":{\"@id\":\"https:\/\/imagesexpressions.fr\/index.php\/2026\/03\/12\/le-concours-regional-nature-papier-2026-sest-tenu-dans-notre-club\/\"},\"author\":{\"name\":\"admin8688\",\"@id\":\"https:\/\/imagesexpressions.fr\/#\/schema\/person\/5e0e32ae5733df1f8feea7ee0163021a\"},\"headline\":\"Le concours r\u00e9gional nature papier 2026 s\u2019est tenu dans notre club\",\"datePublished\":\"2026-03-12T07:47:28+00:00\",\"dateModified\":\"2026-04-29T06:42:52+00:00\",\"mainEntityOfPage\":{\"@id\":\"https:\/\/imagesexpressions.fr\/index.php\/2026\/03\/12\/le-concours-regional-nature-papier-2026-sest-tenu-dans-notre-club\/\"},\"wordCount\":391,\"publisher\":{\"@id\":\"https:\/\/imagesexpressions.fr\/#organization\"},\"image\":{\"@id\":\"https:\/\/imagesexpressions.fr\/index.php\/2026\/03\/12\/le-concours-regional-nature-papier-2026-sest-tenu-dans-notre-club\/#primaryimage\"},\"thumbnailUrl\":\"https:\/\/imagesexpressions.fr\/wp-content\/uploads\/2026\/03\/DSC_6773-1200x578.jpg\",\"articleSection\":[\"Blog\",\"Ev\u00e9nements\"],\"inLanguage\":\"fr-FR\"},{\"@type\":\"WebPage\",\"@id\":\"https:\/\/imagesexpressions.fr\/index.php\/2026\/03\/12\/le-concours-regional-nature-papier-2026-sest-tenu-dans-notre-club\/\",\"url\":\"https:\/\/imagesexpressions.fr\/index.php\/2026\/03\/12\/le-concours-regional-nature-papier-2026-sest-tenu-dans-notre-club\/\",\"name\":\"Le concours r\u00e9gional nature papier 2026 s\u2019est tenu dans notre club - IMAGES ET EXPRESSIONS\",\"isPartOf\":{\"@id\":\"https:\/\/imagesexpressions.fr\/#website\"},\"primaryImageOfPage\":{\"@id\":\"https:\/\/imagesexpressions.fr\/index.php\/2026\/03\/12\/le-concours-regional-nature-papier-2026-sest-tenu-dans-notre-club\/#primaryimage\"},\"image\":{\"@id\":\"https:\/\/imagesexpressions.fr\/index.php\/2026\/03\/12\/le-concours-regional-nature-papier-2026-sest-tenu-dans-notre-club\/#primaryimage\"},\"thumbnailUrl\":\"https:\/\/imagesexpressions.fr\/wp-content\/uploads\/2026\/03\/DSC_6773-1200x578.jpg\",\"datePublished\":\"2026-03-12T07:47:28+00:00\",\"dateModified\":\"2026-04-29T06:42:52+00:00\",\"breadcrumb\":{\"@id\":\"https:\/\/imagesexpressions.fr\/index.php\/2026\/03\/12\/le-concours-regional-nature-papier-2026-sest-tenu-dans-notre-club\/#breadcrumb\"},\"inLanguage\":\"fr-FR\",\"potentialAction\":[{\"@type\":\"ReadAction\",\"target\":[\"https:\/\/imagesexpressions.fr\/index.php\/2026\/03\/12\/le-concours-regional-nature-papier-2026-sest-tenu-dans-notre-club\/\"]}]},{\"@type\":\"ImageObject\",\"inLanguage\":\"fr-FR\",\"@id\":\"https:\/\/imagesexpressions.fr\/index.php\/2026\/03\/12\/le-concours-regional-nature-papier-2026-sest-tenu-dans-notre-club\/#primaryimage\",\"url\":\"https:\/\/imagesexpressions.fr\/wp-content\/uploads\/2026\/03\/DSC_6773.jpg\",\"contentUrl\":\"https:\/\/imagesexpressions.fr\/wp-content\/uploads\/2026\/03\/DSC_6773.jpg\",\"width\":1920,\"height\":924},{\"@type\":\"BreadcrumbList\",\"@id\":\"https:\/\/imagesexpressions.fr\/index.php\/2026\/03\/12\/le-concours-regional-nature-papier-2026-sest-tenu-dans-notre-club\/#breadcrumb\",\"itemListElement\":[{\"@type\":\"ListItem\",\"position\":1,\"name\":\"Accueil\",\"item\":\"https:\/\/imagesexpressions.fr\/\"},{\"@type\":\"ListItem\",\"position\":2,\"name\":\"Le concours r\u00e9gional nature papier 2026 s\u2019est tenu dans notre club\"}]},{\"@type\":\"WebSite\",\"@id\":\"https:\/\/imagesexpressions.fr\/#website\",\"url\":\"https:\/\/imagesexpressions.fr\/\",\"name\":\"IMAGES ET EXPRESSIONS\",\"description\":\"Club photo \u00e0 Cagnes sur mer\",\"publisher\":{\"@id\":\"https:\/\/imagesexpressions.fr\/#organization\"},\"potentialAction\":[{\"@type\":\"SearchAction\",\"target\":{\"@type\":\"EntryPoint\",\"urlTemplate\":\"https:\/\/imagesexpressions.fr\/?s={search_term_string}\"},\"query-input\":{\"@type\":\"PropertyValueSpecification\",\"valueRequired\":true,\"valueName\":\"search_term_string\"}}],\"inLanguage\":\"fr-FR\"},{\"@type\":\"Organization\",\"@id\":\"https:\/\/imagesexpressions.fr\/#organization\",\"name\":\"IMAGES ET EXPRESSIONS\",\"url\":\"https:\/\/imagesexpressions.fr\/\",\"logo\":{\"@type\":\"ImageObject\",\"inLanguage\":\"fr-FR\",\"@id\":\"https:\/\/imagesexpressions.fr\/#\/schema\/logo\/image\/\",\"url\":\"https:\/\/imagesexpressions.fr\/wp-content\/uploads\/2025\/04\/logo_IE.webp\",\"contentUrl\":\"https:\/\/imagesexpressions.fr\/wp-content\/uploads\/2025\/04\/logo_IE.webp\",\"width\":189,\"height\":153,\"caption\":\"IMAGES ET EXPRESSIONS\"},\"image\":{\"@id\":\"https:\/\/imagesexpressions.fr\/#\/schema\/logo\/image\/\"},\"sameAs\":[\"https:\/\/www.facebook.com\/groups\/2342617975975546\"]},{\"@type\":\"Person\",\"@id\":\"https:\/\/imagesexpressions.fr\/#\/schema\/person\/5e0e32ae5733df1f8feea7ee0163021a\",\"name\":\"admin8688\",\"image\":{\"@type\":\"ImageObject\",\"inLanguage\":\"fr-FR\",\"@id\":\"https:\/\/imagesexpressions.fr\/#\/schema\/person\/image\/\",\"url\":\"https:\/\/imagesexpressions.fr\/wp-content\/uploads\/2025\/04\/JoelGourmelen06-61-10-07-46joel@gourmelen.fr_-e1744822035191-150x150.jpg\",\"contentUrl\":\"https:\/\/imagesexpressions.fr\/wp-content\/uploads\/2025\/04\/JoelGourmelen06-61-10-07-46joel@gourmelen.fr_-e1744822035191-150x150.jpg\",\"caption\":\"admin8688\"},\"sameAs\":[\"http:\/\/imagesexpressions.fr\"],\"url\":\"https:\/\/imagesexpressions.fr\/index.php\/author\/admin8688\/\"}]}<\/script>\n<!-- \/ Yoast SEO plugin. -->","yoast_head_json":{"title":"Le concours r\u00e9gional nature papier 2026 s\u2019est tenu dans notre club - IMAGES ET EXPRESSIONS","robots":{"index":"index","follow":"follow","max-snippet":"max-snippet:-1","max-image-preview":"max-image-preview:large","max-video-preview":"max-video-preview:-1"},"canonical":"https:\/\/imagesexpressions.fr\/index.php\/2026\/03\/12\/le-concours-regional-nature-papier-2026-sest-tenu-dans-notre-club\/","og_locale":"fr_FR","og_type":"article","og_title":"Le concours r\u00e9gional nature papier 2026 s\u2019est tenu dans notre club - IMAGES ET EXPRESSIONS","og_description":"Le samedi 7 mars 2026&nbsp;notre club a accueilli le concours r\u00e9gional nature papier \u00e0 la maison de la mer, en pr\u00e9sence notamment de&nbsp;: &#8211; Jean-Marc Fiancette, Vice-pr\u00e9sident de l\u2019UR 13, &#8211; Daniel Franquin commissaire nature de l\u2019UR 13 &nbsp; &#8211; Notre pr\u00e9sident Jo\u00ebl Combe. La journ\u00e9e s\u2019est tr\u00e8s bien d\u00e9roul\u00e9e dans une ambiance cordiale, durant laquelle nous avons eu le plaisir de recevoir la visite de membres de diff\u00e9rents clubs de la r\u00e9gion, parmi lesquels nous avons not\u00e9 la pr\u00e9sence de Mich\u00e8le Terrisse, pr\u00e9sidente du club de Mouans-Sartoux et de Christophe Dentinger d\u2019IBM. Il faut dire que l\u2019accueil caf\u00e9 et viennoiseries organis\u00e9 par Annick Corfini, Dominique Durand et Muriel No\u00ebl \u00e9tait des plus sympathiques&nbsp;! Les juges en charge d\u2019appr\u00e9cier les photos \u00e9taient&nbsp;: &#8211; Dominik Garcia (IBM), &#8211; Guy Tharon (ancien pr\u00e9sident de Mouans-sartoux) &#8211; Jean-Marc Fiancette, qui a remplac\u00e9 un juge emp\u00each\u00e9. Les assesseurs de juges \u00e9taient&nbsp;: &#8211; Jo\u00ebl Gourmelen, &#8211; Jean-Marc Campos &#8211; Serge Durand, remplac\u00e9 dans l\u2019apr\u00e8s-midi par Jo\u00ebl Combe. Les r\u00e9sultats ont \u00e9t\u00e9 proclam\u00e9s en fin d\u2019apr\u00e8s-midi par le commissaire nature, nous avons not\u00e9 \u00e0 cette occasion la tr\u00e8s belle place obtenue par la photo du Paille en Queue de Denise Pesce, bravo \u00e0 elle&nbsp;! Ensuite il a fallu tout r\u00e9emballer&nbsp;! Un grand merci \u00e0 tous ceux qui se sont mobilis\u00e9s pour que cette manifestation se d\u00e9roule dans les meilleures conditions&nbsp;et pour laquelle nous avons re\u00e7u les f\u00e9licitations du commissaire nature&nbsp;: &nbsp;&nbsp;&nbsp;&nbsp;&nbsp;&nbsp;&nbsp;&nbsp;&nbsp;&nbsp;&nbsp;&nbsp;&nbsp; -Annick Corfini&nbsp;: Am\u00e9nagement de la salle, alimentation solide et liquide &#8211; Dominique Durand&nbsp;: Approvisionnements solides et liquides, am\u00e9nagement de la salle, reportage photos &#8211; Muriel No\u00ebl&nbsp;: Am\u00e9nagement de la salle, alimentation solide et liquide -Jo\u00ebl Combe&nbsp;: Coordination, location et am\u00e9nagement de la salle, assesseur -JM Campos&nbsp;: Coordination, \u00e9quipements, am\u00e9nagement de la salle, assesseur -Serge Durand&nbsp;: Am\u00e9nagement de la salle, assesseur -Jo\u00ebl Gourmelen&nbsp;: Am\u00e9nagement de la... Lire la suite","og_url":"https:\/\/imagesexpressions.fr\/index.php\/2026\/03\/12\/le-concours-regional-nature-papier-2026-sest-tenu-dans-notre-club\/","og_site_name":"IMAGES ET EXPRESSIONS","article_publisher":"https:\/\/www.facebook.com\/groups\/2342617975975546","article_published_time":"2026-03-12T07:47:28+00:00","article_modified_time":"2026-04-29T06:42:52+00:00","og_image":[{"width":1920,"height":924,"url":"https:\/\/imagesexpressions.fr\/wp-content\/uploads\/2026\/03\/DSC_6773.jpg","type":"image\/jpeg"}],"author":"admin8688","twitter_card":"summary_large_image","twitter_misc":{"\u00c9crit par":"admin8688","Dur\u00e9e de lecture estim\u00e9e":"5 minutes"},"schema":{"@context":"https:\/\/schema.org","@graph":[{"@type":"Article","@id":"https:\/\/imagesexpressions.fr\/index.php\/2026\/03\/12\/le-concours-regional-nature-papier-2026-sest-tenu-dans-notre-club\/#article","isPartOf":{"@id":"https:\/\/imagesexpressions.fr\/index.php\/2026\/03\/12\/le-concours-regional-nature-papier-2026-sest-tenu-dans-notre-club\/"},"author":{"name":"admin8688","@id":"https:\/\/imagesexpressions.fr\/#\/schema\/person\/5e0e32ae5733df1f8feea7ee0163021a"},"headline":"Le concours r\u00e9gional nature papier 2026 s\u2019est tenu dans notre club","datePublished":"2026-03-12T07:47:28+00:00","dateModified":"2026-04-29T06:42:52+00:00","mainEntityOfPage":{"@id":"https:\/\/imagesexpressions.fr\/index.php\/2026\/03\/12\/le-concours-regional-nature-papier-2026-sest-tenu-dans-notre-club\/"},"wordCount":391,"publisher":{"@id":"https:\/\/imagesexpressions.fr\/#organization"},"image":{"@id":"https:\/\/imagesexpressions.fr\/index.php\/2026\/03\/12\/le-concours-regional-nature-papier-2026-sest-tenu-dans-notre-club\/#primaryimage"},"thumbnailUrl":"https:\/\/imagesexpressions.fr\/wp-content\/uploads\/2026\/03\/DSC_6773-1200x578.jpg","articleSection":["Blog","Ev\u00e9nements"],"inLanguage":"fr-FR"},{"@type":"WebPage","@id":"https:\/\/imagesexpressions.fr\/index.php\/2026\/03\/12\/le-concours-regional-nature-papier-2026-sest-tenu-dans-notre-club\/","url":"https:\/\/imagesexpressions.fr\/index.php\/2026\/03\/12\/le-concours-regional-nature-papier-2026-sest-tenu-dans-notre-club\/","name":"Le concours r\u00e9gional nature papier 2026 s\u2019est tenu dans notre club - IMAGES ET EXPRESSIONS","isPartOf":{"@id":"https:\/\/imagesexpressions.fr\/#website"},"primaryImageOfPage":{"@id":"https:\/\/imagesexpressions.fr\/index.php\/2026\/03\/12\/le-concours-regional-nature-papier-2026-sest-tenu-dans-notre-club\/#primaryimage"},"image":{"@id":"https:\/\/imagesexpressions.fr\/index.php\/2026\/03\/12\/le-concours-regional-nature-papier-2026-sest-tenu-dans-notre-club\/#primaryimage"},"thumbnailUrl":"https:\/\/imagesexpressions.fr\/wp-content\/uploads\/2026\/03\/DSC_6773-1200x578.jpg","datePublished":"2026-03-12T07:47:28+00:00","dateModified":"2026-04-29T06:42:52+00:00","breadcrumb":{"@id":"https:\/\/imagesexpressions.fr\/index.php\/2026\/03\/12\/le-concours-regional-nature-papier-2026-sest-tenu-dans-notre-club\/#breadcrumb"},"inLanguage":"fr-FR","potentialAction":[{"@type":"ReadAction","target":["https:\/\/imagesexpressions.fr\/index.php\/2026\/03\/12\/le-concours-regional-nature-papier-2026-sest-tenu-dans-notre-club\/"]}]},{"@type":"ImageObject","inLanguage":"fr-FR","@id":"https:\/\/imagesexpressions.fr\/index.php\/2026\/03\/12\/le-concours-regional-nature-papier-2026-sest-tenu-dans-notre-club\/#primaryimage","url":"https:\/\/imagesexpressions.fr\/wp-content\/uploads\/2026\/03\/DSC_6773.jpg","contentUrl":"https:\/\/imagesexpressions.fr\/wp-content\/uploads\/2026\/03\/DSC_6773.jpg","width":1920,"height":924},{"@type":"BreadcrumbList","@id":"https:\/\/imagesexpressions.fr\/index.php\/2026\/03\/12\/le-concours-regional-nature-papier-2026-sest-tenu-dans-notre-club\/#breadcrumb","itemListElement":[{"@type":"ListItem","position":1,"name":"Accueil","item":"https:\/\/imagesexpressions.fr\/"},{"@type":"ListItem","position":2,"name":"Le concours r\u00e9gional nature papier 2026 s\u2019est tenu dans notre club"}]},{"@type":"WebSite","@id":"https:\/\/imagesexpressions.fr\/#website","url":"https:\/\/imagesexpressions.fr\/","name":"IMAGES ET EXPRESSIONS","description":"Club photo \u00e0 Cagnes sur mer","publisher":{"@id":"https:\/\/imagesexpressions.fr\/#organization"},"potentialAction":[{"@type":"SearchAction","target":{"@type":"EntryPoint","urlTemplate":"https:\/\/imagesexpressions.fr\/?s={search_term_string}"},"query-input":{"@type":"PropertyValueSpecification","valueRequired":true,"valueName":"search_term_string"}}],"inLanguage":"fr-FR"},{"@type":"Organization","@id":"https:\/\/imagesexpressions.fr\/#organization","name":"IMAGES ET EXPRESSIONS","url":"https:\/\/imagesexpressions.fr\/","logo":{"@type":"ImageObject","inLanguage":"fr-FR","@id":"https:\/\/imagesexpressions.fr\/#\/schema\/logo\/image\/","url":"https:\/\/imagesexpressions.fr\/wp-content\/uploads\/2025\/04\/logo_IE.webp","contentUrl":"https:\/\/imagesexpressions.fr\/wp-content\/uploads\/2025\/04\/logo_IE.webp","width":189,"height":153,"caption":"IMAGES ET EXPRESSIONS"},"image":{"@id":"https:\/\/imagesexpressions.fr\/#\/schema\/logo\/image\/"},"sameAs":["https:\/\/www.facebook.com\/groups\/2342617975975546"]},{"@type":"Person","@id":"https:\/\/imagesexpressions.fr\/#\/schema\/person\/5e0e32ae5733df1f8feea7ee0163021a","name":"admin8688","image":{"@type":"ImageObject","inLanguage":"fr-FR","@id":"https:\/\/imagesexpressions.fr\/#\/schema\/person\/image\/","url":"https:\/\/imagesexpressions.fr\/wp-content\/uploads\/2025\/04\/JoelGourmelen06-61-10-07-46joel@gourmelen.fr_-e1744822035191-150x150.jpg","contentUrl":"https:\/\/imagesexpressions.fr\/wp-content\/uploads\/2025\/04\/JoelGourmelen06-61-10-07-46joel@gourmelen.fr_-e1744822035191-150x150.jpg","caption":"admin8688"},"sameAs":["http:\/\/imagesexpressions.fr"],"url":"https:\/\/imagesexpressions.fr\/index.php\/author\/admin8688\/"}]}},"_links":{"self":[{"href":"https:\/\/imagesexpressions.fr\/index.php\/wp-json\/wp\/v2\/posts\/1779","targetHints":{"allow":["GET"]}}],"collection":[{"href":"https:\/\/imagesexpressions.fr\/index.php\/wp-json\/wp\/v2\/posts"}],"about":[{"href":"https:\/\/imagesexpressions.fr\/index.php\/wp-json\/wp\/v2\/types\/post"}],"author":[{"embeddable":true,"href":"https:\/\/imagesexpressions.fr\/index.php\/wp-json\/wp\/v2\/users\/1"}],"replies":[{"embeddable":true,"href":"https:\/\/imagesexpressions.fr\/index.php\/wp-json\/wp\/v2\/comments?post=1779"}],"version-history":[{"count":3,"href":"https:\/\/imagesexpressions.fr\/index.php\/wp-json\/wp\/v2\/posts\/1779\/revisions"}],"predecessor-version":[{"id":1806,"href":"https:\/\/imagesexpressions.fr\/index.php\/wp-json\/wp\/v2\/posts\/1779\/revisions\/1806"}],"wp:attachment":[{"href":"https:\/\/imagesexpressions.fr\/index.php\/wp-json\/wp\/v2\/media?parent=1779"}],"wp:term":[{"taxonomy":"category","embeddable":true,"href":"https:\/\/imagesexpressions.fr\/index.php\/wp-json\/wp\/v2\/categories?post=1779"},{"taxonomy":"post_tag","embeddable":true,"href":"https:\/\/imagesexpressions.fr\/index.php\/wp-json\/wp\/v2\/tags?post=1779"}],"curies":[{"name":"wp","href":"https:\/\/api.w.org\/{rel}","templated":true}]}}