{"id":1677,"date":"2025-10-12T16:24:38","date_gmt":"2025-10-12T14:24:38","guid":{"rendered":"https:\/\/imagesexpressions.fr\/?p=1677"},"modified":"2025-10-12T16:24:38","modified_gmt":"2025-10-12T14:24:38","slug":"soyons-flous","status":"publish","type":"post","link":"https:\/\/imagesexpressions.fr\/index.php\/2025\/10\/12\/soyons-flous\/","title":{"rendered":"Soyons flous !"},"content":{"rendered":"\n<p>Pas moins de 19 participants pour cette premi\u00e8re sortie des Cl\u00e9s de la Prise De Vue saison 25\/26. Tous pr\u00eats \u00e0 \u00eatre flous !<\/p>\n\n\n\n<p>Le th\u00e8me invitait, en effet, chacun \u00e0 introduire du flou dans ses photos, \u00e0 produire m\u00eame des photos enti\u00e8rement floues et \u00e0 risquer de figurer flou dans celles des autres.<\/p>\n\n\n\n<p>Les participants avaient exprim\u00e9 une pr\u00e9f\u00e9rence pour Antibes et s\u2019\u00e9taient donn\u00e9 rendez-vous \u00e0 l\u2019entr\u00e9e de la vieille ville samedi matin. Jour de march\u00e9 et de mariage, Antibes \u00e9tait tr\u00e8s anim\u00e9e.<\/p>\n\n\n\n<p>Il s\u2019est donc agi d\u2019affoler nos bo\u00eetiers, folle entreprise, pour shooter du flou dans la foule qui se d\u00e9foulait en cette belle journ\u00e9e de fin de semaine.<\/p>\n\n\n\n<p>Quatre s\u00e9quences de prise de vue, selon quatre techniques diff\u00e9rentes, pour aborder le vaste domaine du flou : le flou de profondeur de champ, le flou de boug\u00e9 avec l\u2019adoption du 1\/4 de seconde comme temps de pose \u00e0 main lev\u00e9e, le flou de mouvement dans un d\u00e9cor fixe et enfin le flou cr\u00e9\u00e9 par un mouvement intentionnel de l\u2019appareil.<\/p>\n\n\n\n<p>Un d\u00e9jeuner en commun en terrasse pour terminer en toute convivialit\u00e9 cette matin\u00e9e.<\/p>\n\n\n\n<p>Un petit tour sur Google Photo vous donnera un aper\u00e7u de la production de cette sortie dont le d\u00e9briefing aura lieu le lundi 20 octobre.<\/p>\n\n\n\n<p>Le lien pour l\u2019album de la sortie : <a href=\"https:\/\/photos.app.goo.gl\/Nsa1KAa2TvdVmH7s7\">https:\/\/photos.app.goo.gl\/Nsa1KAa2TvdVmH7s7<\/a><\/p>\n\n\n\n<p>Alain<\/p>\n\n\n\n<p><\/p>\n\n\n\n<p>Cr\u00e9dits photo : Krystyna (la deuxi\u00e8me apr\u00e8s la bi\u00e8re)<\/p>\n\n\n\n<figure class=\"wp-block-image size-large\"><img loading=\"lazy\" decoding=\"async\" width=\"900\" height=\"1200\" data-orig-file=\"https:\/\/imagesexpressions.fr\/wp-content\/uploads\/2025\/10\/95626673-589a-4781-a530-24af0f504f93.jpg\" data-attachment-url=\"https:\/\/imagesexpressions.fr\/index.php\/2025\/10\/12\/soyons-flous\/95626673-589a-4781-a530-24af0f504f93\/\" data-aspectratio=\"0.75\" data-caption=\"\" data-image-title=\"95626673-589a-4781-a530-24af0f504f93\" data-image-description=\"\" srcset=\"https:\/\/imagesexpressions.fr\/wp-content\/uploads\/2025\/10\/95626673-589a-4781-a530-24af0f504f93-450x600.jpg 450w, https:\/\/imagesexpressions.fr\/wp-content\/uploads\/2025\/10\/95626673-589a-4781-a530-24af0f504f93-900x1200.jpg 900w, https:\/\/imagesexpressions.fr\/wp-content\/uploads\/2025\/10\/95626673-589a-4781-a530-24af0f504f93-768x1024.jpg 768w, https:\/\/imagesexpressions.fr\/wp-content\/uploads\/2025\/10\/95626673-589a-4781-a530-24af0f504f93-1152x1536.jpg 1152w, https:\/\/imagesexpressions.fr\/wp-content\/uploads\/2025\/10\/95626673-589a-4781-a530-24af0f504f93-113x150.jpg 113w, https:\/\/imagesexpressions.fr\/wp-content\/uploads\/2025\/10\/95626673-589a-4781-a530-24af0f504f93.jpg 1200w\" src=\"https:\/\/imagesexpressions.fr\/wp-content\/uploads\/2025\/10\/95626673-589a-4781-a530-24af0f504f93-900x1200.jpg\" alt=\"\" class=\"wp-image-1678\"\/><\/figure>\n\n<script type=\"application\/ld+json\">[\n    {\n        \"@context\": \"https:\/\/schema.org\/\",\n        \"@type\": \"ImageObject\",\n        \"contentUrl\": \"https:\/\/imagesexpressions.fr\/wp-content\/uploads\/2025\/10\/95626673-589a-4781-a530-24af0f504f93.jpg\",\n        \"license\": \"\",\n        \"acquireLicensePage\": \"\"\n    }\n]<\/script>\n\n\n<figure class=\"wp-block-image size-large\"><img loading=\"lazy\" decoding=\"async\" width=\"800\" height=\"1200\" data-orig-file=\"https:\/\/imagesexpressions.fr\/wp-content\/uploads\/2025\/10\/IMG_0310.jpg\" data-attachment-url=\"https:\/\/imagesexpressions.fr\/index.php\/2025\/10\/12\/soyons-flous\/img_0310\/\" data-aspectratio=\"0.67\" data-caption=\"\" data-image-title=\"IMG_0310\" data-image-description=\"\" srcset=\"https:\/\/imagesexpressions.fr\/wp-content\/uploads\/2025\/10\/IMG_0310-400x600.jpg 400w, https:\/\/imagesexpressions.fr\/wp-content\/uploads\/2025\/10\/IMG_0310-800x1200.jpg 800w, https:\/\/imagesexpressions.fr\/wp-content\/uploads\/2025\/10\/IMG_0310-768x1152.jpg 768w, https:\/\/imagesexpressions.fr\/wp-content\/uploads\/2025\/10\/IMG_0310-1024x1536.jpg 1024w, https:\/\/imagesexpressions.fr\/wp-content\/uploads\/2025\/10\/IMG_0310-100x150.jpg 100w, https:\/\/imagesexpressions.fr\/wp-content\/uploads\/2025\/10\/IMG_0310.jpg 1280w\" src=\"https:\/\/imagesexpressions.fr\/wp-content\/uploads\/2025\/10\/IMG_0310-800x1200.jpg\" alt=\"\" class=\"wp-image-1679\"\/><\/figure>\n\n<script type=\"application\/ld+json\">[\n    {\n        \"@context\": \"https:\/\/schema.org\/\",\n        \"@type\": \"ImageObject\",\n        \"contentUrl\": \"https:\/\/imagesexpressions.fr\/wp-content\/uploads\/2025\/10\/IMG_0310.jpg\",\n        \"license\": \"\",\n        \"acquireLicensePage\": \"\"\n    }\n]<\/script>","protected":false},"excerpt":{"rendered":"<p>Pas moins de 19 participants pour cette premi\u00e8re sortie des Cl\u00e9s de la Prise De Vue saison 25\/26. Tous pr\u00eats \u00e0 \u00eatre flous ! Le th\u00e8me invitait, en effet, chacun \u00e0 introduire du flou dans ses photos, \u00e0 produire m\u00eame des photos enti\u00e8rement floues et \u00e0 risquer de figurer flou dans celles des autres. Les participants avaient exprim\u00e9 une pr\u00e9f\u00e9rence pour Antibes et s\u2019\u00e9taient donn\u00e9 rendez-vous \u00e0 l\u2019entr\u00e9e de la vieille ville samedi matin. Jour de march\u00e9 et de mariage, Antibes \u00e9tait tr\u00e8s anim\u00e9e. Il s\u2019est donc agi d\u2019affoler nos bo\u00eetiers, folle entreprise, pour shooter du flou dans la foule qui se d\u00e9foulait en cette belle journ\u00e9e de fin de semaine. Quatre s\u00e9quences de prise de vue, selon quatre techniques diff\u00e9rentes, pour aborder le vaste domaine du flou : le flou de profondeur de champ, le flou de boug\u00e9 avec l\u2019adoption du 1\/4 de seconde comme temps de pose \u00e0 main lev\u00e9e, le flou de mouvement dans un d\u00e9cor fixe et enfin le flou cr\u00e9\u00e9 par un mouvement intentionnel de l\u2019appareil. Un d\u00e9jeuner en commun en terrasse pour terminer en toute convivialit\u00e9 cette matin\u00e9e. Un petit tour sur Google Photo vous donnera un aper\u00e7u de la production de cette sortie dont le d\u00e9briefing aura lieu le lundi 20 octobre. Le lien pour l\u2019album de la sortie : https:\/\/photos.app.goo.gl\/Nsa1KAa2TvdVmH7s7 Alain Cr\u00e9dits photo : Krystyna (la deuxi\u00e8me apr\u00e8s la bi\u00e8re)<\/p>\n<p class=\"continue-reading-button\"> <a class=\"continue-reading-link\" href=\"https:\/\/imagesexpressions.fr\/index.php\/2025\/10\/12\/soyons-flous\/\">Lire la suite<i class=\"crycon-right-dir\"><\/i><\/a><\/p>\n","protected":false},"author":1,"featured_media":0,"comment_status":"closed","ping_status":"closed","sticky":false,"template":"","format":"standard","meta":{"footnotes":""},"categories":[5],"tags":[],"class_list":["post-1677","post","type-post","status-publish","format-standard","hentry","category-blog"],"yoast_head":"<!-- This site is optimized with the Yoast SEO plugin v26.9 - https:\/\/yoast.com\/product\/yoast-seo-wordpress\/ -->\n<title>Soyons flous ! - IMAGES ET EXPRESSIONS<\/title>\n<meta name=\"robots\" content=\"index, follow, max-snippet:-1, max-image-preview:large, max-video-preview:-1\" \/>\n<link rel=\"canonical\" href=\"https:\/\/imagesexpressions.fr\/index.php\/2025\/10\/12\/soyons-flous\/\" \/>\n<meta property=\"og:locale\" content=\"fr_FR\" \/>\n<meta property=\"og:type\" content=\"article\" \/>\n<meta property=\"og:title\" content=\"Soyons flous ! - IMAGES ET EXPRESSIONS\" \/>\n<meta property=\"og:description\" content=\"Pas moins de 19 participants pour cette premi\u00e8re sortie des Cl\u00e9s de la Prise De Vue saison 25\/26. Tous pr\u00eats \u00e0 \u00eatre flous ! Le th\u00e8me invitait, en effet, chacun \u00e0 introduire du flou dans ses photos, \u00e0 produire m\u00eame des photos enti\u00e8rement floues et \u00e0 risquer de figurer flou dans celles des autres. Les participants avaient exprim\u00e9 une pr\u00e9f\u00e9rence pour Antibes et s\u2019\u00e9taient donn\u00e9 rendez-vous \u00e0 l\u2019entr\u00e9e de la vieille ville samedi matin. Jour de march\u00e9 et de mariage, Antibes \u00e9tait tr\u00e8s anim\u00e9e. Il s\u2019est donc agi d\u2019affoler nos bo\u00eetiers, folle entreprise, pour shooter du flou dans la foule qui se d\u00e9foulait en cette belle journ\u00e9e de fin de semaine. Quatre s\u00e9quences de prise de vue, selon quatre techniques diff\u00e9rentes, pour aborder le vaste domaine du flou : le flou de profondeur de champ, le flou de boug\u00e9 avec l\u2019adoption du 1\/4 de seconde comme temps de pose \u00e0 main lev\u00e9e, le flou de mouvement dans un d\u00e9cor fixe et enfin le flou cr\u00e9\u00e9 par un mouvement intentionnel de l\u2019appareil. Un d\u00e9jeuner en commun en terrasse pour terminer en toute convivialit\u00e9 cette matin\u00e9e. Un petit tour sur Google Photo vous donnera un aper\u00e7u de la production de cette sortie dont le d\u00e9briefing aura lieu le lundi 20 octobre. Le lien pour l\u2019album de la sortie : https:\/\/photos.app.goo.gl\/Nsa1KAa2TvdVmH7s7 Alain Cr\u00e9dits photo : Krystyna (la deuxi\u00e8me apr\u00e8s la bi\u00e8re) Lire la suite\" \/>\n<meta property=\"og:url\" content=\"https:\/\/imagesexpressions.fr\/index.php\/2025\/10\/12\/soyons-flous\/\" \/>\n<meta property=\"og:site_name\" content=\"IMAGES ET EXPRESSIONS\" \/>\n<meta property=\"article:publisher\" content=\"https:\/\/www.facebook.com\/groups\/2342617975975546\" \/>\n<meta property=\"article:published_time\" content=\"2025-10-12T14:24:38+00:00\" \/>\n<meta property=\"og:image\" content=\"https:\/\/imagesexpressions.fr\/wp-content\/uploads\/2025\/10\/95626673-589a-4781-a530-24af0f504f93.jpg\" \/>\n\t<meta property=\"og:image:width\" content=\"1200\" \/>\n\t<meta property=\"og:image:height\" content=\"1600\" \/>\n\t<meta property=\"og:image:type\" content=\"image\/jpeg\" \/>\n<meta name=\"author\" content=\"admin8688\" \/>\n<meta name=\"twitter:card\" content=\"summary_large_image\" \/>\n<meta name=\"twitter:label1\" content=\"\u00c9crit par\" \/>\n\t<meta name=\"twitter:data1\" content=\"admin8688\" \/>\n\t<meta name=\"twitter:label2\" content=\"Dur\u00e9e de lecture estim\u00e9e\" \/>\n\t<meta name=\"twitter:data2\" content=\"2 minutes\" \/>\n<script type=\"application\/ld+json\" class=\"yoast-schema-graph\">{\"@context\":\"https:\/\/schema.org\",\"@graph\":[{\"@type\":\"Article\",\"@id\":\"https:\/\/imagesexpressions.fr\/index.php\/2025\/10\/12\/soyons-flous\/#article\",\"isPartOf\":{\"@id\":\"https:\/\/imagesexpressions.fr\/index.php\/2025\/10\/12\/soyons-flous\/\"},\"author\":{\"name\":\"admin8688\",\"@id\":\"https:\/\/imagesexpressions.fr\/#\/schema\/person\/5e0e32ae5733df1f8feea7ee0163021a\"},\"headline\":\"Soyons flous !\",\"datePublished\":\"2025-10-12T14:24:38+00:00\",\"mainEntityOfPage\":{\"@id\":\"https:\/\/imagesexpressions.fr\/index.php\/2025\/10\/12\/soyons-flous\/\"},\"wordCount\":257,\"publisher\":{\"@id\":\"https:\/\/imagesexpressions.fr\/#organization\"},\"image\":{\"@id\":\"https:\/\/imagesexpressions.fr\/index.php\/2025\/10\/12\/soyons-flous\/#primaryimage\"},\"thumbnailUrl\":\"https:\/\/imagesexpressions.fr\/wp-content\/uploads\/2025\/10\/95626673-589a-4781-a530-24af0f504f93-900x1200.jpg\",\"articleSection\":[\"Blog\"],\"inLanguage\":\"fr-FR\"},{\"@type\":\"WebPage\",\"@id\":\"https:\/\/imagesexpressions.fr\/index.php\/2025\/10\/12\/soyons-flous\/\",\"url\":\"https:\/\/imagesexpressions.fr\/index.php\/2025\/10\/12\/soyons-flous\/\",\"name\":\"Soyons flous ! - IMAGES ET EXPRESSIONS\",\"isPartOf\":{\"@id\":\"https:\/\/imagesexpressions.fr\/#website\"},\"primaryImageOfPage\":{\"@id\":\"https:\/\/imagesexpressions.fr\/index.php\/2025\/10\/12\/soyons-flous\/#primaryimage\"},\"image\":{\"@id\":\"https:\/\/imagesexpressions.fr\/index.php\/2025\/10\/12\/soyons-flous\/#primaryimage\"},\"thumbnailUrl\":\"https:\/\/imagesexpressions.fr\/wp-content\/uploads\/2025\/10\/95626673-589a-4781-a530-24af0f504f93-900x1200.jpg\",\"datePublished\":\"2025-10-12T14:24:38+00:00\",\"breadcrumb\":{\"@id\":\"https:\/\/imagesexpressions.fr\/index.php\/2025\/10\/12\/soyons-flous\/#breadcrumb\"},\"inLanguage\":\"fr-FR\",\"potentialAction\":[{\"@type\":\"ReadAction\",\"target\":[\"https:\/\/imagesexpressions.fr\/index.php\/2025\/10\/12\/soyons-flous\/\"]}]},{\"@type\":\"ImageObject\",\"inLanguage\":\"fr-FR\",\"@id\":\"https:\/\/imagesexpressions.fr\/index.php\/2025\/10\/12\/soyons-flous\/#primaryimage\",\"url\":\"https:\/\/imagesexpressions.fr\/wp-content\/uploads\/2025\/10\/95626673-589a-4781-a530-24af0f504f93.jpg\",\"contentUrl\":\"https:\/\/imagesexpressions.fr\/wp-content\/uploads\/2025\/10\/95626673-589a-4781-a530-24af0f504f93.jpg\",\"width\":1200,\"height\":1600},{\"@type\":\"BreadcrumbList\",\"@id\":\"https:\/\/imagesexpressions.fr\/index.php\/2025\/10\/12\/soyons-flous\/#breadcrumb\",\"itemListElement\":[{\"@type\":\"ListItem\",\"position\":1,\"name\":\"Accueil\",\"item\":\"https:\/\/imagesexpressions.fr\/\"},{\"@type\":\"ListItem\",\"position\":2,\"name\":\"Soyons flous !\"}]},{\"@type\":\"WebSite\",\"@id\":\"https:\/\/imagesexpressions.fr\/#website\",\"url\":\"https:\/\/imagesexpressions.fr\/\",\"name\":\"IMAGES ET EXPRESSIONS\",\"description\":\"Club photo \u00e0 Cagnes sur mer\",\"publisher\":{\"@id\":\"https:\/\/imagesexpressions.fr\/#organization\"},\"potentialAction\":[{\"@type\":\"SearchAction\",\"target\":{\"@type\":\"EntryPoint\",\"urlTemplate\":\"https:\/\/imagesexpressions.fr\/?s={search_term_string}\"},\"query-input\":{\"@type\":\"PropertyValueSpecification\",\"valueRequired\":true,\"valueName\":\"search_term_string\"}}],\"inLanguage\":\"fr-FR\"},{\"@type\":\"Organization\",\"@id\":\"https:\/\/imagesexpressions.fr\/#organization\",\"name\":\"IMAGES ET EXPRESSIONS\",\"url\":\"https:\/\/imagesexpressions.fr\/\",\"logo\":{\"@type\":\"ImageObject\",\"inLanguage\":\"fr-FR\",\"@id\":\"https:\/\/imagesexpressions.fr\/#\/schema\/logo\/image\/\",\"url\":\"https:\/\/imagesexpressions.fr\/wp-content\/uploads\/2025\/04\/logo_IE.webp\",\"contentUrl\":\"https:\/\/imagesexpressions.fr\/wp-content\/uploads\/2025\/04\/logo_IE.webp\",\"width\":189,\"height\":153,\"caption\":\"IMAGES ET EXPRESSIONS\"},\"image\":{\"@id\":\"https:\/\/imagesexpressions.fr\/#\/schema\/logo\/image\/\"},\"sameAs\":[\"https:\/\/www.facebook.com\/groups\/2342617975975546\"]},{\"@type\":\"Person\",\"@id\":\"https:\/\/imagesexpressions.fr\/#\/schema\/person\/5e0e32ae5733df1f8feea7ee0163021a\",\"name\":\"admin8688\",\"image\":{\"@type\":\"ImageObject\",\"inLanguage\":\"fr-FR\",\"@id\":\"https:\/\/imagesexpressions.fr\/#\/schema\/person\/image\/\",\"url\":\"https:\/\/imagesexpressions.fr\/wp-content\/uploads\/2025\/04\/JoelGourmelen06-61-10-07-46joel@gourmelen.fr_-e1744822035191-150x150.jpg\",\"contentUrl\":\"https:\/\/imagesexpressions.fr\/wp-content\/uploads\/2025\/04\/JoelGourmelen06-61-10-07-46joel@gourmelen.fr_-e1744822035191-150x150.jpg\",\"caption\":\"admin8688\"},\"sameAs\":[\"http:\/\/imagesexpressions.fr\"],\"url\":\"https:\/\/imagesexpressions.fr\/index.php\/author\/admin8688\/\"}]}<\/script>\n<!-- \/ Yoast SEO plugin. -->","yoast_head_json":{"title":"Soyons flous ! - IMAGES ET EXPRESSIONS","robots":{"index":"index","follow":"follow","max-snippet":"max-snippet:-1","max-image-preview":"max-image-preview:large","max-video-preview":"max-video-preview:-1"},"canonical":"https:\/\/imagesexpressions.fr\/index.php\/2025\/10\/12\/soyons-flous\/","og_locale":"fr_FR","og_type":"article","og_title":"Soyons flous ! - IMAGES ET EXPRESSIONS","og_description":"Pas moins de 19 participants pour cette premi\u00e8re sortie des Cl\u00e9s de la Prise De Vue saison 25\/26. Tous pr\u00eats \u00e0 \u00eatre flous ! Le th\u00e8me invitait, en effet, chacun \u00e0 introduire du flou dans ses photos, \u00e0 produire m\u00eame des photos enti\u00e8rement floues et \u00e0 risquer de figurer flou dans celles des autres. Les participants avaient exprim\u00e9 une pr\u00e9f\u00e9rence pour Antibes et s\u2019\u00e9taient donn\u00e9 rendez-vous \u00e0 l\u2019entr\u00e9e de la vieille ville samedi matin. Jour de march\u00e9 et de mariage, Antibes \u00e9tait tr\u00e8s anim\u00e9e. Il s\u2019est donc agi d\u2019affoler nos bo\u00eetiers, folle entreprise, pour shooter du flou dans la foule qui se d\u00e9foulait en cette belle journ\u00e9e de fin de semaine. Quatre s\u00e9quences de prise de vue, selon quatre techniques diff\u00e9rentes, pour aborder le vaste domaine du flou : le flou de profondeur de champ, le flou de boug\u00e9 avec l\u2019adoption du 1\/4 de seconde comme temps de pose \u00e0 main lev\u00e9e, le flou de mouvement dans un d\u00e9cor fixe et enfin le flou cr\u00e9\u00e9 par un mouvement intentionnel de l\u2019appareil. Un d\u00e9jeuner en commun en terrasse pour terminer en toute convivialit\u00e9 cette matin\u00e9e. Un petit tour sur Google Photo vous donnera un aper\u00e7u de la production de cette sortie dont le d\u00e9briefing aura lieu le lundi 20 octobre. Le lien pour l\u2019album de la sortie : https:\/\/photos.app.goo.gl\/Nsa1KAa2TvdVmH7s7 Alain Cr\u00e9dits photo : Krystyna (la deuxi\u00e8me apr\u00e8s la bi\u00e8re) Lire la suite","og_url":"https:\/\/imagesexpressions.fr\/index.php\/2025\/10\/12\/soyons-flous\/","og_site_name":"IMAGES ET EXPRESSIONS","article_publisher":"https:\/\/www.facebook.com\/groups\/2342617975975546","article_published_time":"2025-10-12T14:24:38+00:00","og_image":[{"width":1200,"height":1600,"url":"https:\/\/imagesexpressions.fr\/wp-content\/uploads\/2025\/10\/95626673-589a-4781-a530-24af0f504f93.jpg","type":"image\/jpeg"}],"author":"admin8688","twitter_card":"summary_large_image","twitter_misc":{"\u00c9crit par":"admin8688","Dur\u00e9e de lecture estim\u00e9e":"2 minutes"},"schema":{"@context":"https:\/\/schema.org","@graph":[{"@type":"Article","@id":"https:\/\/imagesexpressions.fr\/index.php\/2025\/10\/12\/soyons-flous\/#article","isPartOf":{"@id":"https:\/\/imagesexpressions.fr\/index.php\/2025\/10\/12\/soyons-flous\/"},"author":{"name":"admin8688","@id":"https:\/\/imagesexpressions.fr\/#\/schema\/person\/5e0e32ae5733df1f8feea7ee0163021a"},"headline":"Soyons flous !","datePublished":"2025-10-12T14:24:38+00:00","mainEntityOfPage":{"@id":"https:\/\/imagesexpressions.fr\/index.php\/2025\/10\/12\/soyons-flous\/"},"wordCount":257,"publisher":{"@id":"https:\/\/imagesexpressions.fr\/#organization"},"image":{"@id":"https:\/\/imagesexpressions.fr\/index.php\/2025\/10\/12\/soyons-flous\/#primaryimage"},"thumbnailUrl":"https:\/\/imagesexpressions.fr\/wp-content\/uploads\/2025\/10\/95626673-589a-4781-a530-24af0f504f93-900x1200.jpg","articleSection":["Blog"],"inLanguage":"fr-FR"},{"@type":"WebPage","@id":"https:\/\/imagesexpressions.fr\/index.php\/2025\/10\/12\/soyons-flous\/","url":"https:\/\/imagesexpressions.fr\/index.php\/2025\/10\/12\/soyons-flous\/","name":"Soyons flous ! - IMAGES ET EXPRESSIONS","isPartOf":{"@id":"https:\/\/imagesexpressions.fr\/#website"},"primaryImageOfPage":{"@id":"https:\/\/imagesexpressions.fr\/index.php\/2025\/10\/12\/soyons-flous\/#primaryimage"},"image":{"@id":"https:\/\/imagesexpressions.fr\/index.php\/2025\/10\/12\/soyons-flous\/#primaryimage"},"thumbnailUrl":"https:\/\/imagesexpressions.fr\/wp-content\/uploads\/2025\/10\/95626673-589a-4781-a530-24af0f504f93-900x1200.jpg","datePublished":"2025-10-12T14:24:38+00:00","breadcrumb":{"@id":"https:\/\/imagesexpressions.fr\/index.php\/2025\/10\/12\/soyons-flous\/#breadcrumb"},"inLanguage":"fr-FR","potentialAction":[{"@type":"ReadAction","target":["https:\/\/imagesexpressions.fr\/index.php\/2025\/10\/12\/soyons-flous\/"]}]},{"@type":"ImageObject","inLanguage":"fr-FR","@id":"https:\/\/imagesexpressions.fr\/index.php\/2025\/10\/12\/soyons-flous\/#primaryimage","url":"https:\/\/imagesexpressions.fr\/wp-content\/uploads\/2025\/10\/95626673-589a-4781-a530-24af0f504f93.jpg","contentUrl":"https:\/\/imagesexpressions.fr\/wp-content\/uploads\/2025\/10\/95626673-589a-4781-a530-24af0f504f93.jpg","width":1200,"height":1600},{"@type":"BreadcrumbList","@id":"https:\/\/imagesexpressions.fr\/index.php\/2025\/10\/12\/soyons-flous\/#breadcrumb","itemListElement":[{"@type":"ListItem","position":1,"name":"Accueil","item":"https:\/\/imagesexpressions.fr\/"},{"@type":"ListItem","position":2,"name":"Soyons flous !"}]},{"@type":"WebSite","@id":"https:\/\/imagesexpressions.fr\/#website","url":"https:\/\/imagesexpressions.fr\/","name":"IMAGES ET EXPRESSIONS","description":"Club photo \u00e0 Cagnes sur mer","publisher":{"@id":"https:\/\/imagesexpressions.fr\/#organization"},"potentialAction":[{"@type":"SearchAction","target":{"@type":"EntryPoint","urlTemplate":"https:\/\/imagesexpressions.fr\/?s={search_term_string}"},"query-input":{"@type":"PropertyValueSpecification","valueRequired":true,"valueName":"search_term_string"}}],"inLanguage":"fr-FR"},{"@type":"Organization","@id":"https:\/\/imagesexpressions.fr\/#organization","name":"IMAGES ET EXPRESSIONS","url":"https:\/\/imagesexpressions.fr\/","logo":{"@type":"ImageObject","inLanguage":"fr-FR","@id":"https:\/\/imagesexpressions.fr\/#\/schema\/logo\/image\/","url":"https:\/\/imagesexpressions.fr\/wp-content\/uploads\/2025\/04\/logo_IE.webp","contentUrl":"https:\/\/imagesexpressions.fr\/wp-content\/uploads\/2025\/04\/logo_IE.webp","width":189,"height":153,"caption":"IMAGES ET EXPRESSIONS"},"image":{"@id":"https:\/\/imagesexpressions.fr\/#\/schema\/logo\/image\/"},"sameAs":["https:\/\/www.facebook.com\/groups\/2342617975975546"]},{"@type":"Person","@id":"https:\/\/imagesexpressions.fr\/#\/schema\/person\/5e0e32ae5733df1f8feea7ee0163021a","name":"admin8688","image":{"@type":"ImageObject","inLanguage":"fr-FR","@id":"https:\/\/imagesexpressions.fr\/#\/schema\/person\/image\/","url":"https:\/\/imagesexpressions.fr\/wp-content\/uploads\/2025\/04\/JoelGourmelen06-61-10-07-46joel@gourmelen.fr_-e1744822035191-150x150.jpg","contentUrl":"https:\/\/imagesexpressions.fr\/wp-content\/uploads\/2025\/04\/JoelGourmelen06-61-10-07-46joel@gourmelen.fr_-e1744822035191-150x150.jpg","caption":"admin8688"},"sameAs":["http:\/\/imagesexpressions.fr"],"url":"https:\/\/imagesexpressions.fr\/index.php\/author\/admin8688\/"}]}},"_links":{"self":[{"href":"https:\/\/imagesexpressions.fr\/index.php\/wp-json\/wp\/v2\/posts\/1677","targetHints":{"allow":["GET"]}}],"collection":[{"href":"https:\/\/imagesexpressions.fr\/index.php\/wp-json\/wp\/v2\/posts"}],"about":[{"href":"https:\/\/imagesexpressions.fr\/index.php\/wp-json\/wp\/v2\/types\/post"}],"author":[{"embeddable":true,"href":"https:\/\/imagesexpressions.fr\/index.php\/wp-json\/wp\/v2\/users\/1"}],"replies":[{"embeddable":true,"href":"https:\/\/imagesexpressions.fr\/index.php\/wp-json\/wp\/v2\/comments?post=1677"}],"version-history":[{"count":1,"href":"https:\/\/imagesexpressions.fr\/index.php\/wp-json\/wp\/v2\/posts\/1677\/revisions"}],"predecessor-version":[{"id":1680,"href":"https:\/\/imagesexpressions.fr\/index.php\/wp-json\/wp\/v2\/posts\/1677\/revisions\/1680"}],"wp:attachment":[{"href":"https:\/\/imagesexpressions.fr\/index.php\/wp-json\/wp\/v2\/media?parent=1677"}],"wp:term":[{"taxonomy":"category","embeddable":true,"href":"https:\/\/imagesexpressions.fr\/index.php\/wp-json\/wp\/v2\/categories?post=1677"},{"taxonomy":"post_tag","embeddable":true,"href":"https:\/\/imagesexpressions.fr\/index.php\/wp-json\/wp\/v2\/tags?post=1677"}],"curies":[{"name":"wp","href":"https:\/\/api.w.org\/{rel}","templated":true}]}}