{"id":1591,"date":"2025-06-18T10:50:22","date_gmt":"2025-06-18T08:50:22","guid":{"rendered":"https:\/\/imagesexpressions.fr\/?p=1591"},"modified":"2025-06-18T15:31:05","modified_gmt":"2025-06-18T13:31:05","slug":"festival-de-la-federation-photo-a-martigues","status":"publish","type":"post","link":"https:\/\/imagesexpressions.fr\/index.php\/2025\/06\/18\/festival-de-la-federation-photo-a-martigues\/","title":{"rendered":"Festival de la F\u00e9d\u00e9ration Photo \u00e0 Martigues"},"content":{"rendered":"\n<p>Vendredi 13 et samedi 14 juin, se tenait \u00e0 Martigues le 4\u00e8me festival de la F\u00e9d\u00e9ration Photographique de France, organis\u00e9 sous l&rsquo;\u00e9gide du club photo local. Nous \u00e9tions cinq \u00e0 repr\u00e9senter le club : Annah, Eric, Jo\u00ebl C, Claude-Marie et Marc P. Le couple Nicot de Photon \u00e9tait aussi pr\u00e9sent.<\/p>\n\n\n\n<p>Diverses expositions des photos prim\u00e9es de toutes les UR de France \u00e9taient diss\u00e9min\u00e9es dans plusieurs lieux de la ville.<\/p>\n\n\n\n<p>Nath-Sakura, invit\u00e9e par la f\u00e9d\u00e9ration, tenait un stand dans la salle d\u2019accueil. Elle \u00e9tait de ce fait disponible pour discuter avec les visiteurs. L\u2019apr\u00e8s-midi du vendredi nous assistions \u00e0 sa conf\u00e9rence dans l\u2019amphith\u00e9\u00e2tre climatis\u00e9 de l\u2019Hotel de Ville (pour notre plus grand plaisir, la temp\u00e9rature ext\u00e9rieure \u00e9tant \u00e9touffante). Le samedi dans l\u2019amphi, trois conf\u00e9rences aussi tr\u00e8s int\u00e9ressantes dont celle sur Lucien Clergue, fondateur des rencontres d\u2019Arles et celle de Kasiras Kyriakos sur les ours blancs.<\/p>\n\n\n\n<figure class=\"wp-block-gallery has-nested-images columns-default is-cropped wp-block-gallery-1 is-layout-flex wp-block-gallery-is-layout-flex\">\n<figure class=\"wp-block-image size-large\"><img loading=\"lazy\" decoding=\"async\" width=\"1200\" height=\"707\" data-orig-file=\"https:\/\/imagesexpressions.fr\/wp-content\/uploads\/2025\/06\/Marc-Pelissier1.jpeg\" data-attachment-url=\"https:\/\/imagesexpressions.fr\/index.php\/2025\/06\/18\/festival-de-la-federation-photo-a-martigues\/marc-pelissier1\/\" data-aspectratio=\"1.7\" data-caption=\"\" data-image-title=\"Marc P\u00e9lissier1\" data-image-description=\"\" srcset=\"https:\/\/imagesexpressions.fr\/wp-content\/uploads\/2025\/06\/Marc-Pelissier1-600x354.jpeg 600w, https:\/\/imagesexpressions.fr\/wp-content\/uploads\/2025\/06\/Marc-Pelissier1-1200x707.jpeg 1200w, https:\/\/imagesexpressions.fr\/wp-content\/uploads\/2025\/06\/Marc-Pelissier1-768x453.jpeg 768w, https:\/\/imagesexpressions.fr\/wp-content\/uploads\/2025\/06\/Marc-Pelissier1-1536x905.jpeg 1536w, https:\/\/imagesexpressions.fr\/wp-content\/uploads\/2025\/06\/Marc-Pelissier1-150x88.jpeg 150w, https:\/\/imagesexpressions.fr\/wp-content\/uploads\/2025\/06\/Marc-Pelissier1.jpeg 1600w\" data-id=\"1593\" src=\"https:\/\/imagesexpressions.fr\/wp-content\/uploads\/2025\/06\/Marc-Pelissier1-1200x707.jpeg\" alt=\"\" class=\"wp-image-1593\"\/><figcaption class=\"wp-element-caption\">Super Challenge:  Pose longue<\/figcaption><\/figure>\n\n<script type=\"application\/ld+json\">[\n    {\n        \"@context\": \"https:\/\/schema.org\/\",\n        \"@type\": \"ImageObject\",\n        \"contentUrl\": \"https:\/\/imagesexpressions.fr\/wp-content\/uploads\/2025\/06\/Marc-Pelissier1.jpeg\",\n        \"license\": \"\",\n        \"acquireLicensePage\": \"\"\n    }\n]<\/script>\n\n\n<figure class=\"wp-block-image size-large is-style-default\"><img loading=\"lazy\" decoding=\"async\" width=\"1200\" height=\"675\" data-orig-file=\"https:\/\/imagesexpressions.fr\/wp-content\/uploads\/2025\/06\/Marc-Pelissier2.jpeg\" data-attachment-url=\"https:\/\/imagesexpressions.fr\/index.php\/2025\/06\/18\/festival-de-la-federation-photo-a-martigues\/marc-pelissier2\/\" data-aspectratio=\"1.78\" data-caption=\"\" data-image-title=\"Marc P\u00e9lissier2\" data-image-description=\"\" srcset=\"https:\/\/imagesexpressions.fr\/wp-content\/uploads\/2025\/06\/Marc-Pelissier2-600x338.jpeg 600w, https:\/\/imagesexpressions.fr\/wp-content\/uploads\/2025\/06\/Marc-Pelissier2-1200x675.jpeg 1200w, https:\/\/imagesexpressions.fr\/wp-content\/uploads\/2025\/06\/Marc-Pelissier2-768x432.jpeg 768w, https:\/\/imagesexpressions.fr\/wp-content\/uploads\/2025\/06\/Marc-Pelissier2-1536x864.jpeg 1536w, https:\/\/imagesexpressions.fr\/wp-content\/uploads\/2025\/06\/Marc-Pelissier2-150x84.jpeg 150w, https:\/\/imagesexpressions.fr\/wp-content\/uploads\/2025\/06\/Marc-Pelissier2.jpeg 1600w\" data-id=\"1592\" src=\"https:\/\/imagesexpressions.fr\/wp-content\/uploads\/2025\/06\/Marc-Pelissier2-1200x675.jpeg\" alt=\"\" class=\"wp-image-1592\"\/><figcaption class=\"wp-element-caption\">Super Challenge: M\u00e9tier au f\u00e9minin<\/figcaption><\/figure>\n\n<script type=\"application\/ld+json\">[\n    {\n        \"@context\": \"https:\/\/schema.org\/\",\n        \"@type\": \"ImageObject\",\n        \"contentUrl\": \"https:\/\/imagesexpressions.fr\/wp-content\/uploads\/2025\/06\/Marc-Pelissier2.jpeg\",\n        \"license\": \"\",\n        \"acquireLicensePage\": \"\"\n    }\n]<\/script><\/figure>\n\n\n\n<p>Le soir notre ami Marc P\u00e9lissier recevait son prix. Rappelons que Marc a remport\u00e9 la premi\u00e8re place du Super Challenge (Niveau national). Le Super Challenge est un ensemble de sept challenges nationaux qui se d\u00e9roulent sur sept mois. <\/p>\n\n\n\n<p>Claude-Marie<\/p>\n\n\n\n<figure class=\"wp-block-gallery has-nested-images columns-default is-cropped wp-block-gallery-2 is-layout-flex wp-block-gallery-is-layout-flex\">\n<figure class=\"wp-block-image size-large\"><img loading=\"lazy\" decoding=\"async\" width=\"1200\" height=\"800\" data-orig-file=\"https:\/\/imagesexpressions.fr\/wp-content\/uploads\/2025\/06\/DSC0018.jpg\" data-attachment-url=\"https:\/\/imagesexpressions.fr\/index.php\/2025\/06\/18\/festival-de-la-federation-photo-a-martigues\/_dsc0018\/\" data-aspectratio=\"1.5\" data-caption=\"\" data-image-title=\"_DSC0018\" data-image-description=\"\" srcset=\"https:\/\/imagesexpressions.fr\/wp-content\/uploads\/2025\/06\/DSC0018-600x400.jpg 600w, https:\/\/imagesexpressions.fr\/wp-content\/uploads\/2025\/06\/DSC0018-1200x800.jpg 1200w, https:\/\/imagesexpressions.fr\/wp-content\/uploads\/2025\/06\/DSC0018-768x512.jpg 768w, https:\/\/imagesexpressions.fr\/wp-content\/uploads\/2025\/06\/DSC0018-1536x1024.jpg 1536w, https:\/\/imagesexpressions.fr\/wp-content\/uploads\/2025\/06\/DSC0018-150x100.jpg 150w, https:\/\/imagesexpressions.fr\/wp-content\/uploads\/2025\/06\/DSC0018-900x600.jpg 900w, https:\/\/imagesexpressions.fr\/wp-content\/uploads\/2025\/06\/DSC0018.jpg 1920w\" data-id=\"1595\" src=\"https:\/\/imagesexpressions.fr\/wp-content\/uploads\/2025\/06\/DSC0018-1200x800.jpg\" alt=\"\" class=\"wp-image-1595\"\/><\/figure>\n\n<script type=\"application\/ld+json\">[\n    {\n        \"@context\": \"https:\/\/schema.org\/\",\n        \"@type\": \"ImageObject\",\n        \"contentUrl\": \"https:\/\/imagesexpressions.fr\/wp-content\/uploads\/2025\/06\/DSC0018.jpg\",\n        \"license\": \"\",\n        \"acquireLicensePage\": \"\"\n    }\n]<\/script>\n\n\n<figure class=\"wp-block-image size-large\"><img loading=\"lazy\" decoding=\"async\" width=\"1200\" height=\"800\" data-orig-file=\"https:\/\/imagesexpressions.fr\/wp-content\/uploads\/2025\/06\/DSC0031.jpg\" data-attachment-url=\"https:\/\/imagesexpressions.fr\/index.php\/2025\/06\/18\/festival-de-la-federation-photo-a-martigues\/_dsc0031\/\" data-aspectratio=\"1.5\" data-caption=\"\" data-image-title=\"_DSC0031\" data-image-description=\"\" srcset=\"https:\/\/imagesexpressions.fr\/wp-content\/uploads\/2025\/06\/DSC0031-600x400.jpg 600w, https:\/\/imagesexpressions.fr\/wp-content\/uploads\/2025\/06\/DSC0031-1200x800.jpg 1200w, https:\/\/imagesexpressions.fr\/wp-content\/uploads\/2025\/06\/DSC0031-768x512.jpg 768w, https:\/\/imagesexpressions.fr\/wp-content\/uploads\/2025\/06\/DSC0031-1536x1024.jpg 1536w, https:\/\/imagesexpressions.fr\/wp-content\/uploads\/2025\/06\/DSC0031-150x100.jpg 150w, https:\/\/imagesexpressions.fr\/wp-content\/uploads\/2025\/06\/DSC0031-900x600.jpg 900w, https:\/\/imagesexpressions.fr\/wp-content\/uploads\/2025\/06\/DSC0031.jpg 1920w\" data-id=\"1594\" src=\"https:\/\/imagesexpressions.fr\/wp-content\/uploads\/2025\/06\/DSC0031-1200x800.jpg\" alt=\"\" class=\"wp-image-1594\"\/><\/figure>\n\n<script type=\"application\/ld+json\">[\n    {\n        \"@context\": \"https:\/\/schema.org\/\",\n        \"@type\": \"ImageObject\",\n        \"contentUrl\": \"https:\/\/imagesexpressions.fr\/wp-content\/uploads\/2025\/06\/DSC0031.jpg\",\n        \"license\": \"\",\n        \"acquireLicensePage\": \"\"\n    }\n]<\/script>\n\n\n<figure class=\"wp-block-image size-large\"><img loading=\"lazy\" decoding=\"async\" width=\"1200\" height=\"675\" data-orig-file=\"https:\/\/imagesexpressions.fr\/wp-content\/uploads\/2025\/06\/DSC0034.jpg\" data-attachment-url=\"https:\/\/imagesexpressions.fr\/index.php\/2025\/06\/18\/festival-de-la-federation-photo-a-martigues\/_dsc0034\/\" data-aspectratio=\"1.78\" data-caption=\"\" data-image-title=\"_DSC0034\" data-image-description=\"\" srcset=\"https:\/\/imagesexpressions.fr\/wp-content\/uploads\/2025\/06\/DSC0034-600x338.jpg 600w, https:\/\/imagesexpressions.fr\/wp-content\/uploads\/2025\/06\/DSC0034-1200x675.jpg 1200w, https:\/\/imagesexpressions.fr\/wp-content\/uploads\/2025\/06\/DSC0034-768x432.jpg 768w, https:\/\/imagesexpressions.fr\/wp-content\/uploads\/2025\/06\/DSC0034-1536x864.jpg 1536w, https:\/\/imagesexpressions.fr\/wp-content\/uploads\/2025\/06\/DSC0034-150x84.jpg 150w, https:\/\/imagesexpressions.fr\/wp-content\/uploads\/2025\/06\/DSC0034.jpg 1920w\" data-id=\"1596\" src=\"https:\/\/imagesexpressions.fr\/wp-content\/uploads\/2025\/06\/DSC0034-1200x675.jpg\" alt=\"\" class=\"wp-image-1596\"\/><\/figure>\n\n<script type=\"application\/ld+json\">[\n    {\n        \"@context\": \"https:\/\/schema.org\/\",\n        \"@type\": \"ImageObject\",\n        \"contentUrl\": \"https:\/\/imagesexpressions.fr\/wp-content\/uploads\/2025\/06\/DSC0034.jpg\",\n        \"license\": \"\",\n        \"acquireLicensePage\": \"\"\n    }\n]<\/script>\n\n\n<figure class=\"wp-block-image size-large\"><img loading=\"lazy\" decoding=\"async\" width=\"1200\" height=\"900\" data-orig-file=\"https:\/\/imagesexpressions.fr\/wp-content\/uploads\/2025\/06\/IMG_2333-1-scaled.jpg\" data-attachment-url=\"https:\/\/imagesexpressions.fr\/index.php\/2025\/06\/18\/festival-de-la-federation-photo-a-martigues\/img_2333-2\/\" data-aspectratio=\"1.33\" data-caption=\"\" data-image-title=\"IMG_2333\" data-image-description=\"\" srcset=\"https:\/\/imagesexpressions.fr\/wp-content\/uploads\/2025\/06\/IMG_2333-1-600x450.jpg 600w, https:\/\/imagesexpressions.fr\/wp-content\/uploads\/2025\/06\/IMG_2333-1-1200x900.jpg 1200w, https:\/\/imagesexpressions.fr\/wp-content\/uploads\/2025\/06\/IMG_2333-1-768x576.jpg 768w, https:\/\/imagesexpressions.fr\/wp-content\/uploads\/2025\/06\/IMG_2333-1-1536x1152.jpg 1536w, https:\/\/imagesexpressions.fr\/wp-content\/uploads\/2025\/06\/IMG_2333-1-2048x1536.jpg 2048w, https:\/\/imagesexpressions.fr\/wp-content\/uploads\/2025\/06\/IMG_2333-1-150x113.jpg 150w, https:\/\/imagesexpressions.fr\/wp-content\/uploads\/2025\/06\/IMG_2333-1-scaled.jpg 2560w\" data-id=\"1600\" src=\"https:\/\/imagesexpressions.fr\/wp-content\/uploads\/2025\/06\/IMG_2333-1-1200x900.jpg\" alt=\"\" class=\"wp-image-1600\"\/><\/figure>\n\n<script type=\"application\/ld+json\">[\n    {\n        \"@context\": \"https:\/\/schema.org\/\",\n        \"@type\": \"ImageObject\",\n        \"contentUrl\": \"https:\/\/imagesexpressions.fr\/wp-content\/uploads\/2025\/06\/IMG_2333-1-scaled.jpg\",\n        \"license\": \"\",\n        \"acquireLicensePage\": \"\"\n    }\n]<\/script>\n\n\n<figure class=\"wp-block-image size-large\"><img loading=\"lazy\" decoding=\"async\" width=\"2560\" height=\"1920\" data-orig-file=\"https:\/\/imagesexpressions.fr\/wp-content\/uploads\/2025\/06\/IMG_2336-scaled.jpg\" data-attachment-url=\"https:\/\/imagesexpressions.fr\/index.php\/2025\/06\/18\/festival-de-la-federation-photo-a-martigues\/img_2336\/\" data-aspectratio=\"1.33\" data-caption=\"\" data-image-title=\"IMG_2336\" data-image-description=\"\" srcset=\"https:\/\/imagesexpressions.fr\/wp-content\/uploads\/2025\/06\/IMG_2336-600x450.jpg 600w, https:\/\/imagesexpressions.fr\/wp-content\/uploads\/2025\/06\/IMG_2336-scaled.jpg 2560w\" data-id=\"1599\" src=\"https:\/\/imagesexpressions.fr\/wp-content\/uploads\/2025\/06\/IMG_2336-scaled.jpg\" alt=\"\" class=\"wp-image-1599\"\/><\/figure>\n\n<script type=\"application\/ld+json\">[\n    {\n        \"@context\": \"https:\/\/schema.org\/\",\n        \"@type\": \"ImageObject\",\n        \"contentUrl\": \"https:\/\/imagesexpressions.fr\/wp-content\/uploads\/2025\/06\/IMG_2336-scaled.jpg\",\n        \"license\": \"\",\n        \"acquireLicensePage\": \"\"\n    }\n]<\/script>\n\n\n<figure class=\"wp-block-image size-large\"><img loading=\"lazy\" decoding=\"async\" width=\"1200\" height=\"552\" data-orig-file=\"https:\/\/imagesexpressions.fr\/wp-content\/uploads\/2025\/06\/IMG_3616-scaled.png\" data-attachment-url=\"https:\/\/imagesexpressions.fr\/index.php\/2025\/06\/18\/festival-de-la-federation-photo-a-martigues\/img_3616\/\" data-aspectratio=\"2.17\" data-caption=\"\" data-image-title=\"IMG_3616\" data-image-description=\"\" srcset=\"https:\/\/imagesexpressions.fr\/wp-content\/uploads\/2025\/06\/IMG_3616-600x276.png 600w, https:\/\/imagesexpressions.fr\/wp-content\/uploads\/2025\/06\/IMG_3616-1200x552.png 1200w, https:\/\/imagesexpressions.fr\/wp-content\/uploads\/2025\/06\/IMG_3616-768x353.png 768w, https:\/\/imagesexpressions.fr\/wp-content\/uploads\/2025\/06\/IMG_3616-1536x707.png 1536w, https:\/\/imagesexpressions.fr\/wp-content\/uploads\/2025\/06\/IMG_3616-2048x943.png 2048w, https:\/\/imagesexpressions.fr\/wp-content\/uploads\/2025\/06\/IMG_3616-150x69.png 150w, https:\/\/imagesexpressions.fr\/wp-content\/uploads\/2025\/06\/IMG_3616-scaled.png 2560w\" data-id=\"1598\" src=\"https:\/\/imagesexpressions.fr\/wp-content\/uploads\/2025\/06\/IMG_3616-1200x552.png\" alt=\"\" class=\"wp-image-1598\"\/><\/figure>\n\n<script type=\"application\/ld+json\">[\n    {\n        \"@context\": \"https:\/\/schema.org\/\",\n        \"@type\": \"ImageObject\",\n        \"contentUrl\": \"https:\/\/imagesexpressions.fr\/wp-content\/uploads\/2025\/06\/IMG_3616-scaled.png\",\n        \"license\": \"\",\n        \"acquireLicensePage\": \"\"\n    }\n]<\/script><\/figure>\n","protected":false},"excerpt":{"rendered":"<p>Vendredi 13 et samedi 14 juin, se tenait \u00e0 Martigues le 4\u00e8me festival de la F\u00e9d\u00e9ration Photographique de France, organis\u00e9 sous l&rsquo;\u00e9gide du club photo local. Nous \u00e9tions cinq \u00e0 repr\u00e9senter le club : Annah, Eric, Jo\u00ebl C, Claude-Marie et Marc P. Le couple Nicot de Photon \u00e9tait aussi pr\u00e9sent. Diverses expositions des photos prim\u00e9es de toutes les UR de France \u00e9taient diss\u00e9min\u00e9es dans plusieurs lieux de la ville. Nath-Sakura, invit\u00e9e par la f\u00e9d\u00e9ration, tenait un stand dans la salle d\u2019accueil. Elle \u00e9tait de ce fait disponible pour discuter avec les visiteurs. L\u2019apr\u00e8s-midi du vendredi nous assistions \u00e0 sa conf\u00e9rence dans l\u2019amphith\u00e9\u00e2tre climatis\u00e9 de l\u2019Hotel de Ville (pour notre plus grand plaisir, la temp\u00e9rature ext\u00e9rieure \u00e9tant \u00e9touffante). Le samedi dans l\u2019amphi, trois conf\u00e9rences aussi tr\u00e8s int\u00e9ressantes dont celle sur Lucien Clergue, fondateur des rencontres d\u2019Arles et celle de Kasiras Kyriakos sur les ours blancs. Le soir notre ami Marc P\u00e9lissier recevait son prix. Rappelons que Marc a remport\u00e9 la premi\u00e8re place du Super Challenge (Niveau national). Le Super Challenge est un ensemble de sept challenges nationaux qui se d\u00e9roulent sur sept mois. Claude-Marie<\/p>\n<p class=\"continue-reading-button\"> <a class=\"continue-reading-link\" href=\"https:\/\/imagesexpressions.fr\/index.php\/2025\/06\/18\/festival-de-la-federation-photo-a-martigues\/\">Lire la suite<i class=\"crycon-right-dir\"><\/i><\/a><\/p>\n","protected":false},"author":6,"featured_media":0,"comment_status":"closed","ping_status":"closed","sticky":false,"template":"","format":"standard","meta":{"footnotes":""},"categories":[5],"tags":[],"class_list":["post-1591","post","type-post","status-publish","format-standard","hentry","category-blog"],"yoast_head":"<!-- This site is optimized with the Yoast SEO plugin v26.9 - https:\/\/yoast.com\/product\/yoast-seo-wordpress\/ -->\n<title>Festival de la F\u00e9d\u00e9ration Photo \u00e0 Martigues - IMAGES ET EXPRESSIONS<\/title>\n<meta name=\"robots\" content=\"index, follow, max-snippet:-1, max-image-preview:large, max-video-preview:-1\" \/>\n<link rel=\"canonical\" href=\"https:\/\/imagesexpressions.fr\/index.php\/2025\/06\/18\/festival-de-la-federation-photo-a-martigues\/\" \/>\n<meta property=\"og:locale\" content=\"fr_FR\" \/>\n<meta property=\"og:type\" content=\"article\" \/>\n<meta property=\"og:title\" content=\"Festival de la F\u00e9d\u00e9ration Photo \u00e0 Martigues - IMAGES ET EXPRESSIONS\" \/>\n<meta property=\"og:description\" content=\"Vendredi 13 et samedi 14 juin, se tenait \u00e0 Martigues le 4\u00e8me festival de la F\u00e9d\u00e9ration Photographique de France, organis\u00e9 sous l&rsquo;\u00e9gide du club photo local. Nous \u00e9tions cinq \u00e0 repr\u00e9senter le club : Annah, Eric, Jo\u00ebl C, Claude-Marie et Marc P. Le couple Nicot de Photon \u00e9tait aussi pr\u00e9sent. Diverses expositions des photos prim\u00e9es de toutes les UR de France \u00e9taient diss\u00e9min\u00e9es dans plusieurs lieux de la ville. Nath-Sakura, invit\u00e9e par la f\u00e9d\u00e9ration, tenait un stand dans la salle d\u2019accueil. Elle \u00e9tait de ce fait disponible pour discuter avec les visiteurs. L\u2019apr\u00e8s-midi du vendredi nous assistions \u00e0 sa conf\u00e9rence dans l\u2019amphith\u00e9\u00e2tre climatis\u00e9 de l\u2019Hotel de Ville (pour notre plus grand plaisir, la temp\u00e9rature ext\u00e9rieure \u00e9tant \u00e9touffante). Le samedi dans l\u2019amphi, trois conf\u00e9rences aussi tr\u00e8s int\u00e9ressantes dont celle sur Lucien Clergue, fondateur des rencontres d\u2019Arles et celle de Kasiras Kyriakos sur les ours blancs. Le soir notre ami Marc P\u00e9lissier recevait son prix. Rappelons que Marc a remport\u00e9 la premi\u00e8re place du Super Challenge (Niveau national). Le Super Challenge est un ensemble de sept challenges nationaux qui se d\u00e9roulent sur sept mois. Claude-Marie Lire la suite\" \/>\n<meta property=\"og:url\" content=\"https:\/\/imagesexpressions.fr\/index.php\/2025\/06\/18\/festival-de-la-federation-photo-a-martigues\/\" \/>\n<meta property=\"og:site_name\" content=\"IMAGES ET EXPRESSIONS\" \/>\n<meta property=\"article:publisher\" content=\"https:\/\/www.facebook.com\/groups\/2342617975975546\" \/>\n<meta property=\"article:published_time\" content=\"2025-06-18T08:50:22+00:00\" \/>\n<meta property=\"article:modified_time\" content=\"2025-06-18T13:31:05+00:00\" \/>\n<meta property=\"og:image\" content=\"https:\/\/imagesexpressions.fr\/wp-content\/uploads\/2025\/06\/Marc-Pelissier1.jpeg\" \/>\n\t<meta property=\"og:image:width\" content=\"1600\" \/>\n\t<meta property=\"og:image:height\" content=\"943\" \/>\n\t<meta property=\"og:image:type\" content=\"image\/jpeg\" \/>\n<meta name=\"author\" content=\"Claude-Marie Auger\" \/>\n<meta name=\"twitter:card\" content=\"summary_large_image\" \/>\n<meta name=\"twitter:label1\" content=\"\u00c9crit par\" \/>\n\t<meta name=\"twitter:data1\" content=\"Claude-Marie Auger\" \/>\n\t<meta name=\"twitter:label2\" content=\"Dur\u00e9e de lecture estim\u00e9e\" \/>\n\t<meta name=\"twitter:data2\" content=\"3 minutes\" \/>\n<script type=\"application\/ld+json\" class=\"yoast-schema-graph\">{\"@context\":\"https:\/\/schema.org\",\"@graph\":[{\"@type\":\"Article\",\"@id\":\"https:\/\/imagesexpressions.fr\/index.php\/2025\/06\/18\/festival-de-la-federation-photo-a-martigues\/#article\",\"isPartOf\":{\"@id\":\"https:\/\/imagesexpressions.fr\/index.php\/2025\/06\/18\/festival-de-la-federation-photo-a-martigues\/\"},\"author\":{\"name\":\"Claude-Marie Auger\",\"@id\":\"https:\/\/imagesexpressions.fr\/#\/schema\/person\/535cf7684ffa5e1e82e522bf65188ffd\"},\"headline\":\"Festival de la F\u00e9d\u00e9ration Photo \u00e0 Martigues\",\"datePublished\":\"2025-06-18T08:50:22+00:00\",\"dateModified\":\"2025-06-18T13:31:05+00:00\",\"mainEntityOfPage\":{\"@id\":\"https:\/\/imagesexpressions.fr\/index.php\/2025\/06\/18\/festival-de-la-federation-photo-a-martigues\/\"},\"wordCount\":225,\"publisher\":{\"@id\":\"https:\/\/imagesexpressions.fr\/#organization\"},\"image\":{\"@id\":\"https:\/\/imagesexpressions.fr\/index.php\/2025\/06\/18\/festival-de-la-federation-photo-a-martigues\/#primaryimage\"},\"thumbnailUrl\":\"https:\/\/imagesexpressions.fr\/wp-content\/uploads\/2025\/06\/Marc-Pelissier1-1200x707.jpeg\",\"articleSection\":[\"Blog\"],\"inLanguage\":\"fr-FR\"},{\"@type\":\"WebPage\",\"@id\":\"https:\/\/imagesexpressions.fr\/index.php\/2025\/06\/18\/festival-de-la-federation-photo-a-martigues\/\",\"url\":\"https:\/\/imagesexpressions.fr\/index.php\/2025\/06\/18\/festival-de-la-federation-photo-a-martigues\/\",\"name\":\"Festival de la F\u00e9d\u00e9ration Photo \u00e0 Martigues - IMAGES ET EXPRESSIONS\",\"isPartOf\":{\"@id\":\"https:\/\/imagesexpressions.fr\/#website\"},\"primaryImageOfPage\":{\"@id\":\"https:\/\/imagesexpressions.fr\/index.php\/2025\/06\/18\/festival-de-la-federation-photo-a-martigues\/#primaryimage\"},\"image\":{\"@id\":\"https:\/\/imagesexpressions.fr\/index.php\/2025\/06\/18\/festival-de-la-federation-photo-a-martigues\/#primaryimage\"},\"thumbnailUrl\":\"https:\/\/imagesexpressions.fr\/wp-content\/uploads\/2025\/06\/Marc-Pelissier1-1200x707.jpeg\",\"datePublished\":\"2025-06-18T08:50:22+00:00\",\"dateModified\":\"2025-06-18T13:31:05+00:00\",\"breadcrumb\":{\"@id\":\"https:\/\/imagesexpressions.fr\/index.php\/2025\/06\/18\/festival-de-la-federation-photo-a-martigues\/#breadcrumb\"},\"inLanguage\":\"fr-FR\",\"potentialAction\":[{\"@type\":\"ReadAction\",\"target\":[\"https:\/\/imagesexpressions.fr\/index.php\/2025\/06\/18\/festival-de-la-federation-photo-a-martigues\/\"]}]},{\"@type\":\"ImageObject\",\"inLanguage\":\"fr-FR\",\"@id\":\"https:\/\/imagesexpressions.fr\/index.php\/2025\/06\/18\/festival-de-la-federation-photo-a-martigues\/#primaryimage\",\"url\":\"https:\/\/imagesexpressions.fr\/wp-content\/uploads\/2025\/06\/Marc-Pelissier1.jpeg\",\"contentUrl\":\"https:\/\/imagesexpressions.fr\/wp-content\/uploads\/2025\/06\/Marc-Pelissier1.jpeg\",\"width\":1600,\"height\":943},{\"@type\":\"BreadcrumbList\",\"@id\":\"https:\/\/imagesexpressions.fr\/index.php\/2025\/06\/18\/festival-de-la-federation-photo-a-martigues\/#breadcrumb\",\"itemListElement\":[{\"@type\":\"ListItem\",\"position\":1,\"name\":\"Accueil\",\"item\":\"https:\/\/imagesexpressions.fr\/\"},{\"@type\":\"ListItem\",\"position\":2,\"name\":\"Festival de la F\u00e9d\u00e9ration Photo \u00e0 Martigues\"}]},{\"@type\":\"WebSite\",\"@id\":\"https:\/\/imagesexpressions.fr\/#website\",\"url\":\"https:\/\/imagesexpressions.fr\/\",\"name\":\"IMAGES ET EXPRESSIONS\",\"description\":\"Club photo \u00e0 Cagnes sur mer\",\"publisher\":{\"@id\":\"https:\/\/imagesexpressions.fr\/#organization\"},\"potentialAction\":[{\"@type\":\"SearchAction\",\"target\":{\"@type\":\"EntryPoint\",\"urlTemplate\":\"https:\/\/imagesexpressions.fr\/?s={search_term_string}\"},\"query-input\":{\"@type\":\"PropertyValueSpecification\",\"valueRequired\":true,\"valueName\":\"search_term_string\"}}],\"inLanguage\":\"fr-FR\"},{\"@type\":\"Organization\",\"@id\":\"https:\/\/imagesexpressions.fr\/#organization\",\"name\":\"IMAGES ET EXPRESSIONS\",\"url\":\"https:\/\/imagesexpressions.fr\/\",\"logo\":{\"@type\":\"ImageObject\",\"inLanguage\":\"fr-FR\",\"@id\":\"https:\/\/imagesexpressions.fr\/#\/schema\/logo\/image\/\",\"url\":\"https:\/\/imagesexpressions.fr\/wp-content\/uploads\/2025\/04\/logo_IE.webp\",\"contentUrl\":\"https:\/\/imagesexpressions.fr\/wp-content\/uploads\/2025\/04\/logo_IE.webp\",\"width\":189,\"height\":153,\"caption\":\"IMAGES ET EXPRESSIONS\"},\"image\":{\"@id\":\"https:\/\/imagesexpressions.fr\/#\/schema\/logo\/image\/\"},\"sameAs\":[\"https:\/\/www.facebook.com\/groups\/2342617975975546\"]},{\"@type\":\"Person\",\"@id\":\"https:\/\/imagesexpressions.fr\/#\/schema\/person\/535cf7684ffa5e1e82e522bf65188ffd\",\"name\":\"Claude-Marie Auger\",\"image\":{\"@type\":\"ImageObject\",\"inLanguage\":\"fr-FR\",\"@id\":\"https:\/\/imagesexpressions.fr\/#\/schema\/person\/image\/\",\"url\":\"https:\/\/imagesexpressions.fr\/wp-content\/uploads\/2025\/04\/CMAuger-150x150.jpg\",\"contentUrl\":\"https:\/\/imagesexpressions.fr\/wp-content\/uploads\/2025\/04\/CMAuger-150x150.jpg\",\"caption\":\"Claude-Marie Auger\"},\"url\":\"https:\/\/imagesexpressions.fr\/index.php\/author\/cmauger\/\"}]}<\/script>\n<!-- \/ Yoast SEO plugin. -->","yoast_head_json":{"title":"Festival de la F\u00e9d\u00e9ration Photo \u00e0 Martigues - IMAGES ET EXPRESSIONS","robots":{"index":"index","follow":"follow","max-snippet":"max-snippet:-1","max-image-preview":"max-image-preview:large","max-video-preview":"max-video-preview:-1"},"canonical":"https:\/\/imagesexpressions.fr\/index.php\/2025\/06\/18\/festival-de-la-federation-photo-a-martigues\/","og_locale":"fr_FR","og_type":"article","og_title":"Festival de la F\u00e9d\u00e9ration Photo \u00e0 Martigues - IMAGES ET EXPRESSIONS","og_description":"Vendredi 13 et samedi 14 juin, se tenait \u00e0 Martigues le 4\u00e8me festival de la F\u00e9d\u00e9ration Photographique de France, organis\u00e9 sous l&rsquo;\u00e9gide du club photo local. Nous \u00e9tions cinq \u00e0 repr\u00e9senter le club : Annah, Eric, Jo\u00ebl C, Claude-Marie et Marc P. Le couple Nicot de Photon \u00e9tait aussi pr\u00e9sent. Diverses expositions des photos prim\u00e9es de toutes les UR de France \u00e9taient diss\u00e9min\u00e9es dans plusieurs lieux de la ville. Nath-Sakura, invit\u00e9e par la f\u00e9d\u00e9ration, tenait un stand dans la salle d\u2019accueil. Elle \u00e9tait de ce fait disponible pour discuter avec les visiteurs. L\u2019apr\u00e8s-midi du vendredi nous assistions \u00e0 sa conf\u00e9rence dans l\u2019amphith\u00e9\u00e2tre climatis\u00e9 de l\u2019Hotel de Ville (pour notre plus grand plaisir, la temp\u00e9rature ext\u00e9rieure \u00e9tant \u00e9touffante). Le samedi dans l\u2019amphi, trois conf\u00e9rences aussi tr\u00e8s int\u00e9ressantes dont celle sur Lucien Clergue, fondateur des rencontres d\u2019Arles et celle de Kasiras Kyriakos sur les ours blancs. Le soir notre ami Marc P\u00e9lissier recevait son prix. Rappelons que Marc a remport\u00e9 la premi\u00e8re place du Super Challenge (Niveau national). Le Super Challenge est un ensemble de sept challenges nationaux qui se d\u00e9roulent sur sept mois. Claude-Marie Lire la suite","og_url":"https:\/\/imagesexpressions.fr\/index.php\/2025\/06\/18\/festival-de-la-federation-photo-a-martigues\/","og_site_name":"IMAGES ET EXPRESSIONS","article_publisher":"https:\/\/www.facebook.com\/groups\/2342617975975546","article_published_time":"2025-06-18T08:50:22+00:00","article_modified_time":"2025-06-18T13:31:05+00:00","og_image":[{"width":1600,"height":943,"url":"https:\/\/imagesexpressions.fr\/wp-content\/uploads\/2025\/06\/Marc-Pelissier1.jpeg","type":"image\/jpeg"}],"author":"Claude-Marie Auger","twitter_card":"summary_large_image","twitter_misc":{"\u00c9crit par":"Claude-Marie Auger","Dur\u00e9e de lecture estim\u00e9e":"3 minutes"},"schema":{"@context":"https:\/\/schema.org","@graph":[{"@type":"Article","@id":"https:\/\/imagesexpressions.fr\/index.php\/2025\/06\/18\/festival-de-la-federation-photo-a-martigues\/#article","isPartOf":{"@id":"https:\/\/imagesexpressions.fr\/index.php\/2025\/06\/18\/festival-de-la-federation-photo-a-martigues\/"},"author":{"name":"Claude-Marie Auger","@id":"https:\/\/imagesexpressions.fr\/#\/schema\/person\/535cf7684ffa5e1e82e522bf65188ffd"},"headline":"Festival de la F\u00e9d\u00e9ration Photo \u00e0 Martigues","datePublished":"2025-06-18T08:50:22+00:00","dateModified":"2025-06-18T13:31:05+00:00","mainEntityOfPage":{"@id":"https:\/\/imagesexpressions.fr\/index.php\/2025\/06\/18\/festival-de-la-federation-photo-a-martigues\/"},"wordCount":225,"publisher":{"@id":"https:\/\/imagesexpressions.fr\/#organization"},"image":{"@id":"https:\/\/imagesexpressions.fr\/index.php\/2025\/06\/18\/festival-de-la-federation-photo-a-martigues\/#primaryimage"},"thumbnailUrl":"https:\/\/imagesexpressions.fr\/wp-content\/uploads\/2025\/06\/Marc-Pelissier1-1200x707.jpeg","articleSection":["Blog"],"inLanguage":"fr-FR"},{"@type":"WebPage","@id":"https:\/\/imagesexpressions.fr\/index.php\/2025\/06\/18\/festival-de-la-federation-photo-a-martigues\/","url":"https:\/\/imagesexpressions.fr\/index.php\/2025\/06\/18\/festival-de-la-federation-photo-a-martigues\/","name":"Festival de la F\u00e9d\u00e9ration Photo \u00e0 Martigues - IMAGES ET EXPRESSIONS","isPartOf":{"@id":"https:\/\/imagesexpressions.fr\/#website"},"primaryImageOfPage":{"@id":"https:\/\/imagesexpressions.fr\/index.php\/2025\/06\/18\/festival-de-la-federation-photo-a-martigues\/#primaryimage"},"image":{"@id":"https:\/\/imagesexpressions.fr\/index.php\/2025\/06\/18\/festival-de-la-federation-photo-a-martigues\/#primaryimage"},"thumbnailUrl":"https:\/\/imagesexpressions.fr\/wp-content\/uploads\/2025\/06\/Marc-Pelissier1-1200x707.jpeg","datePublished":"2025-06-18T08:50:22+00:00","dateModified":"2025-06-18T13:31:05+00:00","breadcrumb":{"@id":"https:\/\/imagesexpressions.fr\/index.php\/2025\/06\/18\/festival-de-la-federation-photo-a-martigues\/#breadcrumb"},"inLanguage":"fr-FR","potentialAction":[{"@type":"ReadAction","target":["https:\/\/imagesexpressions.fr\/index.php\/2025\/06\/18\/festival-de-la-federation-photo-a-martigues\/"]}]},{"@type":"ImageObject","inLanguage":"fr-FR","@id":"https:\/\/imagesexpressions.fr\/index.php\/2025\/06\/18\/festival-de-la-federation-photo-a-martigues\/#primaryimage","url":"https:\/\/imagesexpressions.fr\/wp-content\/uploads\/2025\/06\/Marc-Pelissier1.jpeg","contentUrl":"https:\/\/imagesexpressions.fr\/wp-content\/uploads\/2025\/06\/Marc-Pelissier1.jpeg","width":1600,"height":943},{"@type":"BreadcrumbList","@id":"https:\/\/imagesexpressions.fr\/index.php\/2025\/06\/18\/festival-de-la-federation-photo-a-martigues\/#breadcrumb","itemListElement":[{"@type":"ListItem","position":1,"name":"Accueil","item":"https:\/\/imagesexpressions.fr\/"},{"@type":"ListItem","position":2,"name":"Festival de la F\u00e9d\u00e9ration Photo \u00e0 Martigues"}]},{"@type":"WebSite","@id":"https:\/\/imagesexpressions.fr\/#website","url":"https:\/\/imagesexpressions.fr\/","name":"IMAGES ET EXPRESSIONS","description":"Club photo \u00e0 Cagnes sur mer","publisher":{"@id":"https:\/\/imagesexpressions.fr\/#organization"},"potentialAction":[{"@type":"SearchAction","target":{"@type":"EntryPoint","urlTemplate":"https:\/\/imagesexpressions.fr\/?s={search_term_string}"},"query-input":{"@type":"PropertyValueSpecification","valueRequired":true,"valueName":"search_term_string"}}],"inLanguage":"fr-FR"},{"@type":"Organization","@id":"https:\/\/imagesexpressions.fr\/#organization","name":"IMAGES ET EXPRESSIONS","url":"https:\/\/imagesexpressions.fr\/","logo":{"@type":"ImageObject","inLanguage":"fr-FR","@id":"https:\/\/imagesexpressions.fr\/#\/schema\/logo\/image\/","url":"https:\/\/imagesexpressions.fr\/wp-content\/uploads\/2025\/04\/logo_IE.webp","contentUrl":"https:\/\/imagesexpressions.fr\/wp-content\/uploads\/2025\/04\/logo_IE.webp","width":189,"height":153,"caption":"IMAGES ET EXPRESSIONS"},"image":{"@id":"https:\/\/imagesexpressions.fr\/#\/schema\/logo\/image\/"},"sameAs":["https:\/\/www.facebook.com\/groups\/2342617975975546"]},{"@type":"Person","@id":"https:\/\/imagesexpressions.fr\/#\/schema\/person\/535cf7684ffa5e1e82e522bf65188ffd","name":"Claude-Marie Auger","image":{"@type":"ImageObject","inLanguage":"fr-FR","@id":"https:\/\/imagesexpressions.fr\/#\/schema\/person\/image\/","url":"https:\/\/imagesexpressions.fr\/wp-content\/uploads\/2025\/04\/CMAuger-150x150.jpg","contentUrl":"https:\/\/imagesexpressions.fr\/wp-content\/uploads\/2025\/04\/CMAuger-150x150.jpg","caption":"Claude-Marie Auger"},"url":"https:\/\/imagesexpressions.fr\/index.php\/author\/cmauger\/"}]}},"_links":{"self":[{"href":"https:\/\/imagesexpressions.fr\/index.php\/wp-json\/wp\/v2\/posts\/1591","targetHints":{"allow":["GET"]}}],"collection":[{"href":"https:\/\/imagesexpressions.fr\/index.php\/wp-json\/wp\/v2\/posts"}],"about":[{"href":"https:\/\/imagesexpressions.fr\/index.php\/wp-json\/wp\/v2\/types\/post"}],"author":[{"embeddable":true,"href":"https:\/\/imagesexpressions.fr\/index.php\/wp-json\/wp\/v2\/users\/6"}],"replies":[{"embeddable":true,"href":"https:\/\/imagesexpressions.fr\/index.php\/wp-json\/wp\/v2\/comments?post=1591"}],"version-history":[{"count":1,"href":"https:\/\/imagesexpressions.fr\/index.php\/wp-json\/wp\/v2\/posts\/1591\/revisions"}],"predecessor-version":[{"id":1602,"href":"https:\/\/imagesexpressions.fr\/index.php\/wp-json\/wp\/v2\/posts\/1591\/revisions\/1602"}],"wp:attachment":[{"href":"https:\/\/imagesexpressions.fr\/index.php\/wp-json\/wp\/v2\/media?parent=1591"}],"wp:term":[{"taxonomy":"category","embeddable":true,"href":"https:\/\/imagesexpressions.fr\/index.php\/wp-json\/wp\/v2\/categories?post=1591"},{"taxonomy":"post_tag","embeddable":true,"href":"https:\/\/imagesexpressions.fr\/index.php\/wp-json\/wp\/v2\/tags?post=1591"}],"curies":[{"name":"wp","href":"https:\/\/api.w.org\/{rel}","templated":true}]}}